{"id":104336,"date":"2023-06-26T12:02:04","date_gmt":"2023-06-26T10:02:04","guid":{"rendered":"https:\/\/poloniaoberoesterreich.com\/?p=104336"},"modified":"2023-06-26T12:02:11","modified_gmt":"2023-06-26T10:02:11","slug":"treffen-mit-philipp-eibensteiner","status":"publish","type":"post","link":"https:\/\/poloniaoberoesterreich.com\/de\/mitteilungen\/treffen-mit-philipp-eibensteiner\/","title":{"rendered":"<strong>Treffen mit Philipp Eibensteiner<\/strong>"},"content":{"rendered":"<p>Am 22. Juni 2023 hatten wir das Vergn\u00fcgen, uns mit dem ober\u00f6sterreichischen Integrationsbeauftragten Philipp Eibensteiner zu treffen. Das Thema unseres Gespr\u00e4chs waren die bisherigen Aktivit\u00e4ten der Gemeinschaft der Polen in Ober\u00f6sterreich und ihre Pl\u00e4ne f\u00fcr die Zukunft.<\/p>\n<p>Anhand einer Chronik der Ereignisse pr\u00e4sentierten wir unsere Aktivit\u00e4ten der letzten Jahre, wobei wir die \"Rallye und Spiele der Polnischen Gemeinschaft in Ober\u00f6sterreich\" als wichtigstes Ereignis des Jahres besonders hervorhoben. Wir nutzten die Gelegenheit, Philipp Eibensteiner zu einem Konzert anl\u00e4sslich des Nationalfeiertages und des 15-j\u00e4hrigen Bestehens der Polnischen Gemeinde in Ober\u00f6sterreich am 10. November einzuladen.<\/p>\n<p>An der Sitzung nahmen auch Sonia Palka-Habaj und Julian Gaborek teil.<img fetchpriority=\"high\" decoding=\"async\" class=\"alignnone size-large wp-image-104339\" src=\"https:\/\/poloniaoberoesterreich.com\/wp-content\/uploads\/2023\/06\/1-1-1024x583.jpeg\" alt=\"1\" width=\"1024\" height=\"583\" srcset=\"https:\/\/poloniaoberoesterreich.com\/wp-content\/uploads\/2023\/06\/1-1-1024x583.jpeg 1024w, https:\/\/poloniaoberoesterreich.com\/wp-content\/uploads\/2023\/06\/1-1-300x171.jpeg 300w, https:\/\/poloniaoberoesterreich.com\/wp-content\/uploads\/2023\/06\/1-1-768x438.jpeg 768w, https:\/\/poloniaoberoesterreich.com\/wp-content\/uploads\/2023\/06\/1-1-18x10.jpeg 18w, https:\/\/poloniaoberoesterreich.com\/wp-content\/uploads\/2023\/06\/1-1.jpeg 1246w\" sizes=\"(max-width: 1024px) 100vw, 1024px\" \/><\/p>","protected":false},"excerpt":{"rendered":"<p>Am 22. Juni 2023 hatten wir das Vergn\u00fcgen, uns mit dem ober\u00f6sterreichischen Integrationsbeauftragten Philipp Eibensteiner zu treffen. Das Thema unseres Gespr\u00e4chs waren die bisherigen Aktivit\u00e4ten der Gemeinschaft der Polen in Ober\u00f6sterreich und ihre Pl\u00e4ne f\u00fcr die Zukunft. Anhand einer Chronik der Ereignisse stellten wir unsere Leistungen der letzten Jahre vor, wobei wir besonders auf die \"Rallye und Polenspiele in Ober\u00f6sterreich\" eingingen... <a title=\"Treffen mit Philipp Eibensteiner\" class=\"read-more\" href=\"https:\/\/poloniaoberoesterreich.com\/de\/mitteilungen\/treffen-mit-philipp-eibensteiner\/\" aria-label=\"Lesen Sie mehr \u00fcber das Treffen mit Philipp Eibensteiner\">Mehr lesen<\/a><\/p>","protected":false},"author":5,"featured_media":104339,"comment_status":"open","ping_status":"open","sticky":false,"template":"","format":"standard","meta":{"_seopress_robots_primary_cat":"none","_seopress_titles_title":"","_seopress_titles_desc":"","_seopress_robots_index":"","ngg_post_thumbnail":0,"footnotes":""},"categories":[47],"tags":[],"class_list":{"0":"post-104336","1":"post","2":"type-post","3":"status-publish","4":"format-standard","5":"has-post-thumbnail","7":"category-wiadomosci"},"_links":{"self":[{"href":"https:\/\/poloniaoberoesterreich.com\/de\/wp-json\/wp\/v2\/posts\/104336","targetHints":{"allow":["GET"]}}],"collection":[{"href":"https:\/\/poloniaoberoesterreich.com\/de\/wp-json\/wp\/v2\/posts"}],"about":[{"href":"https:\/\/poloniaoberoesterreich.com\/de\/wp-json\/wp\/v2\/types\/post"}],"author":[{"embeddable":true,"href":"https:\/\/poloniaoberoesterreich.com\/de\/wp-json\/wp\/v2\/users\/5"}],"replies":[{"embeddable":true,"href":"https:\/\/poloniaoberoesterreich.com\/de\/wp-json\/wp\/v2\/comments?post=104336"}],"version-history":[{"count":0,"href":"https:\/\/poloniaoberoesterreich.com\/de\/wp-json\/wp\/v2\/posts\/104336\/revisions"}],"wp:featuredmedia":[{"embeddable":true,"href":"https:\/\/poloniaoberoesterreich.com\/de\/wp-json\/wp\/v2\/media\/104339"}],"wp:attachment":[{"href":"https:\/\/poloniaoberoesterreich.com\/de\/wp-json\/wp\/v2\/media?parent=104336"}],"wp:term":[{"taxonomy":"category","embeddable":true,"href":"https:\/\/poloniaoberoesterreich.com\/de\/wp-json\/wp\/v2\/categories?post=104336"},{"taxonomy":"post_tag","embeddable":true,"href":"https:\/\/poloniaoberoesterreich.com\/de\/wp-json\/wp\/v2\/tags?post=104336"}],"curies":[{"name":"wp","href":"https:\/\/api.w.org\/{rel}","templated":true}]}}