{"id":140942,"date":"2024-12-06T20:26:32","date_gmt":"2024-12-06T19:26:32","guid":{"rendered":"https:\/\/poloniaoberoesterreich.com\/?p=140942"},"modified":"2024-12-06T20:26:32","modified_gmt":"2024-12-06T19:26:32","slug":"treffen-mit-dem-vize-burgermeister-linz-dietmar-prammer","status":"publish","type":"post","link":"https:\/\/poloniaoberoesterreich.com\/de\/mitteilungen\/treffen-mit-dem-vize-burgermeister-linz-dietmar-prammer\/","title":{"rendered":"Treffen mit dem Vizeb\u00fcrgermeister Dietmar Prammer"},"content":{"rendered":"<p>Am 5. Dezember 2024 trafen sich Vertreter der Gemeinschaft der Polen in Ober\u00f6sterreich mit dem Vizeb\u00fcrgermeister von Linz, Dietmar Prammer, dem SP\u00d6-B\u00fcrgermeisterkandidaten f\u00fcr Linz (Wahlen am 12. J\u00e4nner 2025).<\/p>\n<p>Ziel des Gespr\u00e4chs war es, die Aktivit\u00e4ten der Organisation und ihre Pl\u00e4ne f\u00fcr die Zukunft vorzustellen.   Anhand der Chronik der Ereignisse wurden die Errungenschaften der vergangenen Jahre vorgestellt und ein besonderes Augenmerk auf die f\u00fcr 14. Juni 2025 geplante \u201eTreffen der Polen in Ober\u00f6sterreich\u201c im n\u00e4chsten Jahr gelegt.<\/p>\n<p>An dem Treffen nahmen Tina Bl\u00f6chl, Stadtr\u00e4tin f\u00fcr Integration, und im Namen der Organisation: Gra\u017cyna Kloibhofer, Grzegorz Polanowski und Julian Gaborek teil .<\/p>\n<p><img fetchpriority=\"high\" decoding=\"async\" class=\"alignnone size-large wp-image-140945\" src=\"http:\/\/poloniaoberoesterreich.com\/wp-content\/uploads\/2024\/12\/3-1-1024x934.jpg\" alt=\"3\" width=\"1024\" height=\"934\" srcset=\"https:\/\/poloniaoberoesterreich.com\/wp-content\/uploads\/2024\/12\/3-1-1024x934.jpg 1024w, https:\/\/poloniaoberoesterreich.com\/wp-content\/uploads\/2024\/12\/3-1-300x274.jpg 300w, https:\/\/poloniaoberoesterreich.com\/wp-content\/uploads\/2024\/12\/3-1-768x700.jpg 768w, https:\/\/poloniaoberoesterreich.com\/wp-content\/uploads\/2024\/12\/3-1-13x12.jpg 13w, https:\/\/poloniaoberoesterreich.com\/wp-content\/uploads\/2024\/12\/3-1.jpg 1201w\" sizes=\"(max-width: 1024px) 100vw, 1024px\" \/><\/p>\n<p><img decoding=\"async\" class=\"alignnone size-large wp-image-140946\" src=\"http:\/\/poloniaoberoesterreich.com\/wp-content\/uploads\/2024\/12\/4-1024x768.jpg\" alt=\"4\" width=\"1024\" height=\"768\" srcset=\"https:\/\/poloniaoberoesterreich.com\/wp-content\/uploads\/2024\/12\/4-1024x768.jpg 1024w, https:\/\/poloniaoberoesterreich.com\/wp-content\/uploads\/2024\/12\/4-300x225.jpg 300w, https:\/\/poloniaoberoesterreich.com\/wp-content\/uploads\/2024\/12\/4-768x576.jpg 768w, https:\/\/poloniaoberoesterreich.com\/wp-content\/uploads\/2024\/12\/4-1536x1152.jpg 1536w, https:\/\/poloniaoberoesterreich.com\/wp-content\/uploads\/2024\/12\/4-16x12.jpg 16w, https:\/\/poloniaoberoesterreich.com\/wp-content\/uploads\/2024\/12\/4.jpg 1600w\" sizes=\"(max-width: 1024px) 100vw, 1024px\" \/> <img decoding=\"async\" class=\"alignnone wp-image-140947\" src=\"http:\/\/poloniaoberoesterreich.com\/wp-content\/uploads\/2024\/12\/6-768x1024.jpg\" alt=\"6\" width=\"1024\" height=\"1365\" srcset=\"https:\/\/poloniaoberoesterreich.com\/wp-content\/uploads\/2024\/12\/6-768x1024.jpg 768w, https:\/\/poloniaoberoesterreich.com\/wp-content\/uploads\/2024\/12\/6-225x300.jpg 225w, https:\/\/poloniaoberoesterreich.com\/wp-content\/uploads\/2024\/12\/6-1152x1536.jpg 1152w, https:\/\/poloniaoberoesterreich.com\/wp-content\/uploads\/2024\/12\/6-9x12.jpg 9w, https:\/\/poloniaoberoesterreich.com\/wp-content\/uploads\/2024\/12\/6.jpg 1536w\" sizes=\"(max-width: 1024px) 100vw, 1024px\" \/><\/p>","protected":false},"excerpt":{"rendered":"<p>W dniu 5 grudnia 2024 roku przedstawiciele Wsp\u00f3lnoty Polak\u00f3w w G\u00f3rnej Austrii spotkali si\u0119 z wiceburmistrzem miasta Linz Dietmarem Prammer, kandydatem z ramienia SP\u00d6 na burmistrza miasta Linz (wybory w dniu 12 stycznia 2025 roku). Celem rozmowy by\u0142a prezentacja dzia\u0142alno\u015bci organizacji i jej plany na przysz\u0142o\u015b\u0107. Na podstawie kroniki wydarze\u0144 przedstawione zosta\u0142y dokonania minionych lat &#8230; <a title=\"Treffen mit dem Vizeb\u00fcrgermeister Dietmar Prammer\" class=\"read-more\" href=\"https:\/\/poloniaoberoesterreich.com\/de\/mitteilungen\/treffen-mit-dem-vize-burgermeister-linz-dietmar-prammer\/\" aria-label=\"Read more about Treffen mit dem Vizeb\u00fcrgermeister der Stadt Linz Dietmar Prammer\">Mehr lesen<\/a><\/p>","protected":false},"author":5,"featured_media":140945,"comment_status":"open","ping_status":"open","sticky":false,"template":"","format":"standard","meta":{"_seopress_robots_primary_cat":"none","_seopress_titles_title":"","_seopress_titles_desc":"","_seopress_robots_index":"","ngg_post_thumbnail":0,"footnotes":""},"categories":[47],"tags":[],"class_list":{"0":"post-140942","1":"post","2":"type-post","3":"status-publish","4":"format-standard","5":"has-post-thumbnail","7":"category-wiadomosci"},"_links":{"self":[{"href":"https:\/\/poloniaoberoesterreich.com\/de\/wp-json\/wp\/v2\/posts\/140942","targetHints":{"allow":["GET"]}}],"collection":[{"href":"https:\/\/poloniaoberoesterreich.com\/de\/wp-json\/wp\/v2\/posts"}],"about":[{"href":"https:\/\/poloniaoberoesterreich.com\/de\/wp-json\/wp\/v2\/types\/post"}],"author":[{"embeddable":true,"href":"https:\/\/poloniaoberoesterreich.com\/de\/wp-json\/wp\/v2\/users\/5"}],"replies":[{"embeddable":true,"href":"https:\/\/poloniaoberoesterreich.com\/de\/wp-json\/wp\/v2\/comments?post=140942"}],"version-history":[{"count":0,"href":"https:\/\/poloniaoberoesterreich.com\/de\/wp-json\/wp\/v2\/posts\/140942\/revisions"}],"wp:featuredmedia":[{"embeddable":true,"href":"https:\/\/poloniaoberoesterreich.com\/de\/wp-json\/wp\/v2\/media\/140945"}],"wp:attachment":[{"href":"https:\/\/poloniaoberoesterreich.com\/de\/wp-json\/wp\/v2\/media?parent=140942"}],"wp:term":[{"taxonomy":"category","embeddable":true,"href":"https:\/\/poloniaoberoesterreich.com\/de\/wp-json\/wp\/v2\/categories?post=140942"},{"taxonomy":"post_tag","embeddable":true,"href":"https:\/\/poloniaoberoesterreich.com\/de\/wp-json\/wp\/v2\/tags?post=140942"}],"curies":[{"name":"wp","href":"https:\/\/api.w.org\/{rel}","templated":true}]}}