{"id":147395,"date":"2026-03-16T12:57:08","date_gmt":"2026-03-16T11:57:08","guid":{"rendered":"https:\/\/poloniaoberoesterreich.com\/?p=147395"},"modified":"2026-03-16T12:57:08","modified_gmt":"2026-03-16T11:57:08","slug":"spotkanie-z-wice-wojewoda-christianem-dorfler","status":"publish","type":"post","link":"https:\/\/poloniaoberoesterreich.com\/de\/mitteilungen\/spotkanie-z-wice-wojewoda-christianem-dorfler\/","title":{"rendered":"TREFFEN MIT DEM LANDESRAT CHRISTIAN D\u00d6RFLER"},"content":{"rendered":"<p>Am 13. M\u00e4rz 2026 trafen sich Vertreter der Gemeinschaft der Polen in Ober\u00f6sterreich im Restaurant \u201eGo\u015bcinna Chata\u201c mit dem Landesrat Christian D\u00f6rfler, der unter anderem f\u00fcr die Integration in Ober\u00f6sterreich zust\u00e4ndig ist.<\/p>\n<p>Ziel des Treffens war die Vorstellung der Aktivit\u00e4ten und Zukunftspl\u00e4ne der Organisation. Anhand einer Chronik wurden die Erfolge der vergangenen Jahre pr\u00e4sentiert, wobei besonderes Augenmerk auf das diesj\u00e4hrige \u201eGemeinschaft der Treffen und die Spiele in Ober\u00f6sterreich\u201c am 20. Juni gelegt wurde.<\/p>\n<p>Gra\u017cyna Kloibhofer, Anna Gaborek, Grzegorz Polanowski und Julian Gaborek nahmen im Namen der Organisation an dem Treffen teil.<\/p>\n<p><img fetchpriority=\"high\" decoding=\"async\" class=\"alignnone size-large wp-image-147374\" src=\"https:\/\/poloniaoberoesterreich.com\/wp-content\/uploads\/2026\/03\/10-1-1024x768.jpg\" alt=\"10\" width=\"1024\" height=\"768\" srcset=\"https:\/\/poloniaoberoesterreich.com\/wp-content\/uploads\/2026\/03\/10-1-1024x768.jpg 1024w, https:\/\/poloniaoberoesterreich.com\/wp-content\/uploads\/2026\/03\/10-1-300x225.jpg 300w, https:\/\/poloniaoberoesterreich.com\/wp-content\/uploads\/2026\/03\/10-1-768x576.jpg 768w, https:\/\/poloniaoberoesterreich.com\/wp-content\/uploads\/2026\/03\/10-1-1536x1152.jpg 1536w, https:\/\/poloniaoberoesterreich.com\/wp-content\/uploads\/2026\/03\/10-1-16x12.jpg 16w, https:\/\/poloniaoberoesterreich.com\/wp-content\/uploads\/2026\/03\/10-1.jpg 1600w\" sizes=\"(max-width: 1024px) 100vw, 1024px\" \/> <img decoding=\"async\" class=\"alignnone size-large wp-image-147373\" src=\"https:\/\/poloniaoberoesterreich.com\/wp-content\/uploads\/2026\/03\/9-1024x768.jpg\" alt=\"9\" width=\"1024\" height=\"768\" srcset=\"https:\/\/poloniaoberoesterreich.com\/wp-content\/uploads\/2026\/03\/9-1024x768.jpg 1024w, https:\/\/poloniaoberoesterreich.com\/wp-content\/uploads\/2026\/03\/9-300x225.jpg 300w, https:\/\/poloniaoberoesterreich.com\/wp-content\/uploads\/2026\/03\/9-768x576.jpg 768w, https:\/\/poloniaoberoesterreich.com\/wp-content\/uploads\/2026\/03\/9-1536x1152.jpg 1536w, https:\/\/poloniaoberoesterreich.com\/wp-content\/uploads\/2026\/03\/9-16x12.jpg 16w, https:\/\/poloniaoberoesterreich.com\/wp-content\/uploads\/2026\/03\/9.jpg 1600w\" sizes=\"(max-width: 1024px) 100vw, 1024px\" \/> <img decoding=\"async\" class=\"alignnone size-large wp-image-147372\" src=\"https:\/\/poloniaoberoesterreich.com\/wp-content\/uploads\/2026\/03\/8-1024x768.jpg\" alt=\"8\" width=\"1024\" height=\"768\" srcset=\"https:\/\/poloniaoberoesterreich.com\/wp-content\/uploads\/2026\/03\/8-1024x768.jpg 1024w, https:\/\/poloniaoberoesterreich.com\/wp-content\/uploads\/2026\/03\/8-300x225.jpg 300w, https:\/\/poloniaoberoesterreich.com\/wp-content\/uploads\/2026\/03\/8-768x576.jpg 768w, https:\/\/poloniaoberoesterreich.com\/wp-content\/uploads\/2026\/03\/8-1536x1152.jpg 1536w, https:\/\/poloniaoberoesterreich.com\/wp-content\/uploads\/2026\/03\/8-16x12.jpg 16w, https:\/\/poloniaoberoesterreich.com\/wp-content\/uploads\/2026\/03\/8.jpg 1600w\" sizes=\"(max-width: 1024px) 100vw, 1024px\" \/><\/p>","protected":false},"excerpt":{"rendered":"<p>13 marca 2026 roku przedstawiciele Wsp\u00f3lnoty Polak\u00f3w w G\u00f3rnej Austrii spotkali si\u0119 w restauracji \u201eGo\u015bcinna Chata\u201d z wice \u2013 wojewod\u0105 Christianem D\u00f6rflerem odpowiedzialnym mi\u0119dzy innymi za integracj\u0119 w G\u00f3rnej Austrii. Celem rozmowy by\u0142a prezentacja dzia\u0142alno\u015bci organizacji i jej plany na przysz\u0142o\u015b\u0107.&nbsp;&nbsp;&nbsp;&nbsp;&nbsp;&nbsp;&nbsp;&nbsp;&nbsp;&nbsp;&nbsp;&nbsp;&nbsp;&nbsp; Na podstawie kroniki wydarze\u0144 przedstawione zosta\u0142y dokonania minionych lat oraz zwr\u00f3cono szczeg\u00f3ln\u0105 uwag\u0119 na &#8230; <a title=\"TREFFEN MIT DEM LANDESRAT CHRISTIAN D\u00d6RFLER\" class=\"read-more\" href=\"https:\/\/poloniaoberoesterreich.com\/de\/mitteilungen\/spotkanie-z-wice-wojewoda-christianem-dorfler\/\" aria-label=\"Read more about SPOTKANIE Z WICE\u2013WOJEWOD\u0104 CHRISTIANEM D\u00d6RFLER\">Mehr lesen<\/a><\/p>","protected":false},"author":5,"featured_media":147372,"comment_status":"open","ping_status":"open","sticky":false,"template":"","format":"standard","meta":{"_seopress_robots_primary_cat":"none","_seopress_titles_title":"","_seopress_titles_desc":"","_seopress_robots_index":"","ngg_post_thumbnail":0,"footnotes":""},"categories":[47],"tags":[],"class_list":{"0":"post-147395","1":"post","2":"type-post","3":"status-publish","4":"format-standard","5":"has-post-thumbnail","7":"category-wiadomosci"},"_links":{"self":[{"href":"https:\/\/poloniaoberoesterreich.com\/de\/wp-json\/wp\/v2\/posts\/147395","targetHints":{"allow":["GET"]}}],"collection":[{"href":"https:\/\/poloniaoberoesterreich.com\/de\/wp-json\/wp\/v2\/posts"}],"about":[{"href":"https:\/\/poloniaoberoesterreich.com\/de\/wp-json\/wp\/v2\/types\/post"}],"author":[{"embeddable":true,"href":"https:\/\/poloniaoberoesterreich.com\/de\/wp-json\/wp\/v2\/users\/5"}],"replies":[{"embeddable":true,"href":"https:\/\/poloniaoberoesterreich.com\/de\/wp-json\/wp\/v2\/comments?post=147395"}],"version-history":[{"count":1,"href":"https:\/\/poloniaoberoesterreich.com\/de\/wp-json\/wp\/v2\/posts\/147395\/revisions"}],"predecessor-version":[{"id":147398,"href":"https:\/\/poloniaoberoesterreich.com\/de\/wp-json\/wp\/v2\/posts\/147395\/revisions\/147398"}],"wp:featuredmedia":[{"embeddable":true,"href":"https:\/\/poloniaoberoesterreich.com\/de\/wp-json\/wp\/v2\/media\/147372"}],"wp:attachment":[{"href":"https:\/\/poloniaoberoesterreich.com\/de\/wp-json\/wp\/v2\/media?parent=147395"}],"wp:term":[{"taxonomy":"category","embeddable":true,"href":"https:\/\/poloniaoberoesterreich.com\/de\/wp-json\/wp\/v2\/categories?post=147395"},{"taxonomy":"post_tag","embeddable":true,"href":"https:\/\/poloniaoberoesterreich.com\/de\/wp-json\/wp\/v2\/tags?post=147395"}],"curies":[{"name":"wp","href":"https:\/\/api.w.org\/{rel}","templated":true}]}}