{"id":22669,"date":"2008-10-11T17:26:36","date_gmt":"2008-10-11T15:26:36","guid":{"rendered":"https:\/\/poloniaoberoesterreich.com\/spotkanie-kobiet-11102008\/bez-kategorii\/"},"modified":"2022-09-02T12:50:31","modified_gmt":"2022-09-02T10:50:31","slug":"treffen-frauen-11102008","status":"publish","type":"post","link":"https:\/\/poloniaoberoesterreich.com\/de\/veranstaltungen-2\/treffen-frauen-11102008\/","title":{"rendered":"Frauentreffen"},"content":{"rendered":"<p class=\"MsoNormal\" style=\"margin-bottom: 0.0001pt; line-height: normal;\">&nbsp;<\/p>\n<table border=\"0\" width=\"680\" cellspacing=\"0\" cellpadding=\"0\" align=\"center\">\n<tbody>\n<tr>\n<td align=\"left\" valign=\"middle\" width=\"180\"><a href=\"https:\/\/poloniaoberoesterreich.com\/wp-content\/uploads\/2008\/10\/cimg8110.jpg\"><img fetchpriority=\"high\" decoding=\"async\" class=\"aligncenter size-full wp-image-23388\" src=\"https:\/\/poloniaoberoesterreich.com\/wp-content\/uploads\/2008\/10\/cimg8110.jpg\" alt=\"\" width=\"800\" height=\"600\" srcset=\"https:\/\/poloniaoberoesterreich.com\/wp-content\/uploads\/2008\/10\/cimg8110.jpg 800w, https:\/\/poloniaoberoesterreich.com\/wp-content\/uploads\/2008\/10\/cimg8110-300x225.jpg 300w, https:\/\/poloniaoberoesterreich.com\/wp-content\/uploads\/2008\/10\/cimg8110-768x576.jpg 768w\" sizes=\"(max-width: 800px) 100vw, 800px\" \/><\/a><\/td>\n<td style=\"text-align: center;\" valign=\"middle\"><strong>Frauentreffen <\/strong>&nbsp;<\/p>\n<p><strong>11. Oktober 2008<\/strong><\/td>\n<\/tr>\n<\/tbody>\n<\/table>\n<p><!--more--><\/p>\n<p class=\"MsoNormal\" style=\"text-align: justify; line-height: 150%;\"><span style=\"font-family: 'Arial','sans-serif';\">Liebe Leser, <\/span><\/p>\n<p class=\"MsoNormal\" style=\"text-align: justify; line-height: 150%;\">&nbsp;<\/p>\n<p class=\"MsoNormal\" style=\"text-align: justify; line-height: 150%;\"><span style=\"font-family: 'Arial','sans-serif';\">Ich hatte die Ehre, meine Eindr\u00fccke vom ersten Frauentreffen, das am 11. November im Jugendg\u00e4stehaus in Linz stattfand und von der Polnischen Gemeinde in Ober\u00f6sterreich organisiert wurde, mit Ihnen zu teilen. <\/span><\/p>\n<p class=\"MsoNormal\" style=\"text-align: justify; line-height: 150%;\"><span style=\"font-family: 'Arial','sans-serif';\">Dieses Treffen war f\u00fcr mich eine sch\u00f6ne Erfahrung und eine Art Demutslehre gegen\u00fcber dem, was polnische Frauen in \u00d6sterreich geleistet haben \u2013 ich bin sehr stolz auf meine Landsleute, die weit weg vom Land und ihren Familien hier so viel geleistet haben.<\/span><\/p>\n<p class=\"MsoNormal\" style=\"text-align: justify; line-height: 150%;\"><span style=\"font-family: 'Arial','sans-serif';\">Bereits nach der ersten Vorstellung von jedem von uns stellte sich heraus, wie vielf\u00e4ltig unsere famili\u00e4ren und beruflichen Situationen sind und was f\u00fcr ein gemeinsames Ziel, n\u00e4mlich die Bereitschaft, sich im Verein zu engagieren. Die Ideen f\u00fcr die Arbeit der \u201eCommunity\u201c waren so vielf\u00e4ltig und mutig, und sie fielen in einem solchen Tempo, dass es nur der Professionalit\u00e4t des Pr\u00e4sidenten zu verdanken sein d\u00fcrfte, dass sie alle diskutiert wurden. <\/span><\/p>\n<p class=\"MsoNormal\" style=\"text-align: justify; line-height: 150%;\"><span style=\"font-family: 'Arial','sans-serif';\">Das Treffen fand in (\u00fcber)gem\u00fctlicher Atmosph\u00e4re und bei der Geburtstagstorte einer meiner Freundinnen statt, leider endet alles Gute schnell (ich meine nicht nur die Torte, sondern auch diesen Abend!). <\/span><\/p>\n<p class=\"MsoNormal\" style=\"text-align: justify; line-height: 150%;\"><span style=\"font-family: 'Arial','sans-serif';\">Lassen Sie mich unseren Damen ein weiteres Treffen empfehlen, das dieses Mal um 18 Uhr mit dem Liederabend von Frau Jolanta D\u0119bicka zusammenf\u00e4llt und wir uns wie gewohnt um 16:30 Uhr im Jugendg\u00e4stehaus am Stanglhofweg 3 in Linz sehen werden . Diese Einladung gilt auch f\u00fcr die Damen, f\u00fcr die auch eine gro\u00dfe Entfernung kein Hindernis darstellt, zu diesem Treffen zu kommen. <\/span><\/p>\n<p class=\"MsoNormal\" style=\"text-align: justify; line-height: 150%;\">&nbsp;<\/p>\n<p class=\"MsoNormal\" style=\"text-align: justify; line-height: 150%;\"><span style=\"font-family: 'Arial','sans-serif';\">Bis sp\u00e4ter!<\/span><\/p>\n<p class=\"MsoNormal\" style=\"text-align: justify; line-height: 150%;\">&nbsp;<\/p>\n<p class=\"MsoNormal\" style=\"text-align: justify; line-height: 150%;\"><span style=\"font-family: 'Arial','sans-serif';\">Marzena Belkameh<\/span><\/p>\n<div id='gallery-1' class='gallery galleryid-22669 gallery-columns-2 gallery-size-full'><figure class='gallery-item'>\n\t\t\t<div class='gallery-icon landscape'>\n\t\t\t\t<a href='https:\/\/poloniaoberoesterreich.com\/wp-content\/uploads\/2008\/10\/cimg8119.jpg'><img decoding=\"async\" width=\"800\" height=\"600\" src=\"https:\/\/poloniaoberoesterreich.com\/wp-content\/uploads\/2008\/10\/cimg8119.jpg\" class=\"attachment-full size-full\" alt=\"\" srcset=\"https:\/\/poloniaoberoesterreich.com\/wp-content\/uploads\/2008\/10\/cimg8119.jpg 800w, https:\/\/poloniaoberoesterreich.com\/wp-content\/uploads\/2008\/10\/cimg8119-300x225.jpg 300w, https:\/\/poloniaoberoesterreich.com\/wp-content\/uploads\/2008\/10\/cimg8119-768x576.jpg 768w\" sizes=\"(max-width: 800px) 100vw, 800px\" \/><\/a>\n\t\t\t<\/div><\/figure><figure class='gallery-item'>\n\t\t\t<div class='gallery-icon landscape'>\n\t\t\t\t<a href='https:\/\/poloniaoberoesterreich.com\/wp-content\/uploads\/2008\/10\/cimg8112.jpg'><img decoding=\"async\" width=\"800\" height=\"600\" src=\"https:\/\/poloniaoberoesterreich.com\/wp-content\/uploads\/2008\/10\/cimg8112.jpg\" class=\"attachment-full size-full\" alt=\"\" srcset=\"https:\/\/poloniaoberoesterreich.com\/wp-content\/uploads\/2008\/10\/cimg8112.jpg 800w, https:\/\/poloniaoberoesterreich.com\/wp-content\/uploads\/2008\/10\/cimg8112-300x225.jpg 300w, https:\/\/poloniaoberoesterreich.com\/wp-content\/uploads\/2008\/10\/cimg8112-768x576.jpg 768w\" sizes=\"(max-width: 800px) 100vw, 800px\" \/><\/a>\n\t\t\t<\/div><\/figure>\n\t\t<\/div>\nngg_shortcode_0_platzhalter","protected":false},"excerpt":{"rendered":"<p>&nbsp; Frauentreffen 11. Oktober 2008<\/p>","protected":false},"author":5,"featured_media":23387,"comment_status":"closed","ping_status":"closed","sticky":false,"template":"","format":"standard","meta":{"_seopress_robots_primary_cat":"none","_seopress_titles_title":"","_seopress_titles_desc":"","_seopress_robots_index":"","ngg_post_thumbnail":0,"footnotes":""},"categories":[45,37],"tags":[],"class_list":{"0":"post-22669","1":"post","2":"type-post","3":"status-publish","4":"format-standard","5":"has-post-thumbnail","7":"category-2008-wydarzenia","8":"category-wydarzenia"},"_links":{"self":[{"href":"https:\/\/poloniaoberoesterreich.com\/de\/wp-json\/wp\/v2\/posts\/22669","targetHints":{"allow":["GET"]}}],"collection":[{"href":"https:\/\/poloniaoberoesterreich.com\/de\/wp-json\/wp\/v2\/posts"}],"about":[{"href":"https:\/\/poloniaoberoesterreich.com\/de\/wp-json\/wp\/v2\/types\/post"}],"author":[{"embeddable":true,"href":"https:\/\/poloniaoberoesterreich.com\/de\/wp-json\/wp\/v2\/users\/5"}],"replies":[{"embeddable":true,"href":"https:\/\/poloniaoberoesterreich.com\/de\/wp-json\/wp\/v2\/comments?post=22669"}],"version-history":[{"count":0,"href":"https:\/\/poloniaoberoesterreich.com\/de\/wp-json\/wp\/v2\/posts\/22669\/revisions"}],"wp:featuredmedia":[{"embeddable":true,"href":"https:\/\/poloniaoberoesterreich.com\/de\/wp-json\/wp\/v2\/media\/23387"}],"wp:attachment":[{"href":"https:\/\/poloniaoberoesterreich.com\/de\/wp-json\/wp\/v2\/media?parent=22669"}],"wp:term":[{"taxonomy":"category","embeddable":true,"href":"https:\/\/poloniaoberoesterreich.com\/de\/wp-json\/wp\/v2\/categories?post=22669"},{"taxonomy":"post_tag","embeddable":true,"href":"https:\/\/poloniaoberoesterreich.com\/de\/wp-json\/wp\/v2\/tags?post=22669"}],"curies":[{"name":"wp","href":"https:\/\/api.w.org\/{rel}","templated":true}]}}