{"id":22678,"date":"2008-12-14T20:19:58","date_gmt":"2008-12-14T19:19:58","guid":{"rendered":"https:\/\/poloniaoberoesterreich.com\/koncert-koled-2008\/bez-kategorii\/"},"modified":"2022-09-02T13:00:49","modified_gmt":"2022-09-02T11:00:49","slug":"konzertkollege-2008","status":"publish","type":"post","link":"https:\/\/poloniaoberoesterreich.com\/de\/veranstaltungen-2\/konzertkollege-2008\/","title":{"rendered":"Konzert der Weihnachtslieder 2008 - Weihnachtstreffen"},"content":{"rendered":"<p class=\"MsoNormal\" style=\"margin-bottom: 0.0001pt; line-height: normal;\">&nbsp;<\/p>\n<table border=\"0\" width=\"680\" cellspacing=\"0\" cellpadding=\"0\" align=\"center\">\n<tbody>\n<tr>\n<td align=\"left\" valign=\"middle\" width=\"180\"><a href=\"https:\/\/poloniaoberoesterreich.com\/wp-content\/uploads\/2008\/12\/mg_8200.jpg\"><img fetchpriority=\"high\" decoding=\"async\" class=\"aligncenter size-full wp-image-23468\" src=\"https:\/\/poloniaoberoesterreich.com\/wp-content\/uploads\/2008\/12\/mg_8200.jpg\" alt=\"\" width=\"1181\" height=\"787\" srcset=\"https:\/\/poloniaoberoesterreich.com\/wp-content\/uploads\/2008\/12\/mg_8200.jpg 1181w, https:\/\/poloniaoberoesterreich.com\/wp-content\/uploads\/2008\/12\/mg_8200-300x200.jpg 300w, https:\/\/poloniaoberoesterreich.com\/wp-content\/uploads\/2008\/12\/mg_8200-1024x682.jpg 1024w, https:\/\/poloniaoberoesterreich.com\/wp-content\/uploads\/2008\/12\/mg_8200-768x512.jpg 768w\" sizes=\"(max-width: 1181px) 100vw, 1181px\" \/><\/a><\/td>\n<td style=\"text-align: center;\" valign=\"middle\">\n<p class=\"MsoNormal\"><strong><span style=\"font-size: 12pt; line-height: 115%; font-family: 'Times New Roman','serif';\">Weihnachtsliederkonzert - 14. Dezember 2008<\/span><\/strong><\/p>\n<\/td>\n<\/tr>\n<\/tbody>\n<\/table>\n<p><!--more--><\/p>\n<p><strong>Aus Herzensnot<\/strong><\/p>\n<p>Das bevorstehende Weihnachten ist das wichtigste f\u00fcr die Polen und gleichzeitig das reichste an Volkstraditionen. Die Weihnachtsriten entwickelten sich allm\u00e4hlich in den folgenden Jahrhunderten und verflochten alte (aus heidnischen Zeiten) Br\u00e4uche und \u00dcberzeugungen mit neueren, die nach der Christianisierung durch die Kirche eingef\u00fchrt wurden. In der kirchlichen Liturgie und den Volksbr\u00e4uchen geht dem Weihnachtsfest die Adventszeit voraus \u2013 die Zeit des frommen und freudigen, glaubensvollen Wartens auf das Kommen des Herrn. Im Morgengrauen finden Messen zu Ehren der Heiligen Jungfrau Maria statt. In einigen Regionen des Landes ist es \u00fcblich, jeden Sonntag einen Adventskranz zu flechten und ihn mit einer weiteren Kerze anzuz\u00fcnden. Die meisten Volksbr\u00e4uche sind mit dem letzten Adventstag verbunden, also mit Heiligabend. Das Wort kommt aus dem Lateinischen und bedeutet Wachsein. In den vergangenen Jahrhunderten waren Getreidegarben ein festes dekoratives Element von H\u00e4usern - ein Symbol des \u00dcberflusses -, das von den Eigent\u00fcmern in den Ecken der R\u00e4ume platziert wurde. Sie waren auch mit pod\u0142a\u017aniczniki geschm\u00fcckt, d.h. von der Decke h\u00e4ngenden Zweigen von Nadelb\u00e4umen. Dieses Symbol des Lebens sollte den Menschen Gl\u00fcck und allen Wohlstand und allen Besitz sichern. Vor kurzem wurden in Polen gr\u00fcne Mistelzweige zur Dekoration von H\u00e4usern verwendet, die als Symbol f\u00fcr Liebe und Vers\u00f6hnung gelten. Die Mistel hat magische Kr\u00e4fte, weil sie nicht direkt aus dem Boden w\u00e4chst, sondern aus den \u00c4sten anderer B\u00e4ume. Der moderne Weihnachtsbaum ist ein Abbild des Paradiesbaums \u201eBaum des Lebens\u201c, des biblischen Baums von Gut und B\u00f6se, unter dem die Geschichte der Menschheit begann. Der Weihnachtsbaum muss \u00c4pfel haben, die Gesundheit symbolisieren. Leichte Strohketten winden sich zwischen Nadelzweigen, eine Erinnerung an die Schlange des Versuchers. Sie binden den Weihnachtsbaum wie ein Sklave und erinnern uns daran, dass die gesamte Menschheit der S\u00fcnde verfallen ist. Der Stern an der Spitze des Baumes ist der Stern von Bethlehem, der die Weisen zum Jesuskind f\u00fchrte. Kerzen sind Feuersplitter f\u00fcr die Seelen der Ahnen, die zu dieser Zeit kommen, damit sie sich w\u00e4rmen k\u00f6nnen. Sie k\u00f6nnen auch Lebkuchen-Tierfiguren und bunte Kugeln an den Weihnachtsbaum h\u00e4ngen. Wie viele von uns erinnern sich an diese Symbole? Die heutigen wunderbaren Weihnachtsgeschenke sind ein neuer Brauch. Die Tatsache, dass sie dort sind, ist nichts Falsches, lassen Sie sie nicht das Bild und den Sinn der Feiertage verf\u00e4lschen. Heiligabend ist der sch\u00f6nste Tag des Jahres. An diesem Abend treffen sich ganze Familien an einer \u00fcppigen, aber gut gedeckten Tafel. An diesem warmen, wenn auch Dezemberabend verblassen alle Streitigkeiten. In Polen wird dieser Abend feierlicher gefeiert als in jedem anderen Land. Die Einzigartigkeit dieses besonderen Abendessens, die Atmosph\u00e4re der Freundlichkeit und Freude helfen uns Polen durch schwierige Zeiten. Die Weihnachtswaffel ist ein typisch polnischer Brauch. Der Ursprung der Hostie ist religi\u00f6s und die symbolische Geste bedeutet \u00fcberw\u00e4ltigende Liebe und Br\u00fcderlichkeit.<\/p>\n<p>Am 14. Dezember 2008 fand im Pfarrhaus in Linz das Heiligabendtreffen der O\u00f6. Polengemeinde statt. Der Abend begann mit einem Galakonzert der sch\u00f6nsten polnischen Weihnachtslieder, aufgef\u00fchrt von folgenden K\u00fcnstlern: Frau Jolanta D\u0119bicka, Herr Andrzej Petryka und Herr Andrzej Ulicz, begleitet von Klavier und Gitarre. Ein sch\u00f6n geschm\u00fcckter Weihnachtsbaum, ein dekorativer Adventskranz und bunte Lichtstrahlen auf der B\u00fchne sorgten f\u00fcr festliche Stimmung. Frau Maja erinnerte uns alle an die Wundergeschichte von Bethlehem und lud uns ein, Weihnachtslieder zu singen. Ich glaube, dass polnische Weihnachtslieder die sch\u00f6nsten sind, und es sollte unsere Pflicht sein, unsere einzigartigen Weihnachtstraditionen aufrechtzuerhalten. In festlicher Stimmung gesungener Weihnachtslieder starteten wir unser Weihnachtsessen. Es wurde von Pater Herbert Sojka mit der Lesung des Evangeliums von der Geburt des Herrn und der Segnung der Hostie begonnen. Durch das Teilen der Hostie w\u00fcnschten wir uns gegenseitig die best\u00e4ndige F\u00fcrsorge der Gottesmutter, Gl\u00fcck, Gesundheit und allen Wohlstand. Leckerer Karpfen, zubereitet nach h\u00f6chster Handwerkskunst, leckere Kuchen mit Kaffee und ein Glas Wein rundeten diesen genussvollen Heiligabendabend ab. Als Dank f\u00fcr die Vorbereitung dieses Treffens sangen wir das traditionelle \u201eHappy Birthday\u201c f\u00fcr Julian Gaborek, den Pr\u00e4sidenten der Gemeinde der Polen in Ober\u00f6sterreich, und eine Gruppe von Damen, die bei der Vorbereitung geholfen haben.<\/p>\n<p>Ich w\u00fcnsche Ihnen einen sch\u00f6nen Feiertag in ein warmes Wort gewickelt.<\/p>\n<p>Urszula Ciszewska<\/p>\n<div id='gallery-1' class='gallery galleryid-22678 gallery-columns-2 gallery-size-full'><figure class='gallery-item'>\n\t\t\t<div class='gallery-icon landscape'>\n\t\t\t\t<a href='https:\/\/poloniaoberoesterreich.com\/wp-content\/uploads\/2008\/12\/mg_8260.jpg'><img decoding=\"async\" width=\"1181\" height=\"787\" src=\"https:\/\/poloniaoberoesterreich.com\/wp-content\/uploads\/2008\/12\/mg_8260.jpg\" class=\"attachment-full size-full\" alt=\"\" srcset=\"https:\/\/poloniaoberoesterreich.com\/wp-content\/uploads\/2008\/12\/mg_8260.jpg 1181w, https:\/\/poloniaoberoesterreich.com\/wp-content\/uploads\/2008\/12\/mg_8260-300x200.jpg 300w, https:\/\/poloniaoberoesterreich.com\/wp-content\/uploads\/2008\/12\/mg_8260-1024x682.jpg 1024w, https:\/\/poloniaoberoesterreich.com\/wp-content\/uploads\/2008\/12\/mg_8260-768x512.jpg 768w\" sizes=\"(max-width: 1181px) 100vw, 1181px\" \/><\/a>\n\t\t\t<\/div><\/figure><figure class='gallery-item'>\n\t\t\t<div class='gallery-icon landscape'>\n\t\t\t\t<a href='https:\/\/poloniaoberoesterreich.com\/wp-content\/uploads\/2008\/12\/mg_8200.jpg'><img decoding=\"async\" width=\"1181\" height=\"787\" src=\"https:\/\/poloniaoberoesterreich.com\/wp-content\/uploads\/2008\/12\/mg_8200.jpg\" class=\"attachment-full size-full\" alt=\"\" srcset=\"https:\/\/poloniaoberoesterreich.com\/wp-content\/uploads\/2008\/12\/mg_8200.jpg 1181w, https:\/\/poloniaoberoesterreich.com\/wp-content\/uploads\/2008\/12\/mg_8200-300x200.jpg 300w, https:\/\/poloniaoberoesterreich.com\/wp-content\/uploads\/2008\/12\/mg_8200-1024x682.jpg 1024w, https:\/\/poloniaoberoesterreich.com\/wp-content\/uploads\/2008\/12\/mg_8200-768x512.jpg 768w\" sizes=\"(max-width: 1181px) 100vw, 1181px\" \/><\/a>\n\t\t\t<\/div><\/figure>\n\t\t<\/div>\n\n<p style=\"text-align: center;\"><strong>FOTOBEWERTUNG<\/strong><\/p>ngg_shortcode_0_platzhalter","protected":false},"excerpt":{"rendered":"<p>&nbsp; Weihnachtsliederkonzert - 14. Dezember 2008<\/p>","protected":false},"author":5,"featured_media":23462,"comment_status":"closed","ping_status":"closed","sticky":false,"template":"","format":"standard","meta":{"_seopress_robots_primary_cat":"none","_seopress_titles_title":"","_seopress_titles_desc":"","_seopress_robots_index":"","ngg_post_thumbnail":0,"footnotes":""},"categories":[45,37],"tags":[],"class_list":{"0":"post-22678","1":"post","2":"type-post","3":"status-publish","4":"format-standard","5":"has-post-thumbnail","7":"category-2008-wydarzenia","8":"category-wydarzenia"},"_links":{"self":[{"href":"https:\/\/poloniaoberoesterreich.com\/de\/wp-json\/wp\/v2\/posts\/22678","targetHints":{"allow":["GET"]}}],"collection":[{"href":"https:\/\/poloniaoberoesterreich.com\/de\/wp-json\/wp\/v2\/posts"}],"about":[{"href":"https:\/\/poloniaoberoesterreich.com\/de\/wp-json\/wp\/v2\/types\/post"}],"author":[{"embeddable":true,"href":"https:\/\/poloniaoberoesterreich.com\/de\/wp-json\/wp\/v2\/users\/5"}],"replies":[{"embeddable":true,"href":"https:\/\/poloniaoberoesterreich.com\/de\/wp-json\/wp\/v2\/comments?post=22678"}],"version-history":[{"count":0,"href":"https:\/\/poloniaoberoesterreich.com\/de\/wp-json\/wp\/v2\/posts\/22678\/revisions"}],"wp:featuredmedia":[{"embeddable":true,"href":"https:\/\/poloniaoberoesterreich.com\/de\/wp-json\/wp\/v2\/media\/23462"}],"wp:attachment":[{"href":"https:\/\/poloniaoberoesterreich.com\/de\/wp-json\/wp\/v2\/media?parent=22678"}],"wp:term":[{"taxonomy":"category","embeddable":true,"href":"https:\/\/poloniaoberoesterreich.com\/de\/wp-json\/wp\/v2\/categories?post=22678"},{"taxonomy":"post_tag","embeddable":true,"href":"https:\/\/poloniaoberoesterreich.com\/de\/wp-json\/wp\/v2\/tags?post=22678"}],"curies":[{"name":"wp","href":"https:\/\/api.w.org\/{rel}","templated":true}]}}