{"id":22682,"date":"2009-01-10T21:21:41","date_gmt":"2009-01-10T20:21:41","guid":{"rendered":"https:\/\/poloniaoberoesterreich.com\/wieczor-z-piosenka-aleksandra-winiarska-bernakiewicz\/bez-kategorii\/"},"modified":"2022-09-02T13:02:28","modified_gmt":"2022-09-02T11:02:28","slug":"abend-mit-lied-aleksandra-winiarska-bernakiewicz","status":"publish","type":"post","link":"https:\/\/poloniaoberoesterreich.com\/de\/veranstaltungen-2\/abend-mit-lied-aleksandra-winiarska-bernakiewicz\/","title":{"rendered":"Ein Abend mit einem Lied - Aleksandra Winiarska-Bernakiewicz"},"content":{"rendered":"<table border=\"0\" width=\"680\" cellspacing=\"0\" cellpadding=\"0\" align=\"center\">\n<tbody>\n<tr>\n<td align=\"left\" valign=\"middle\" width=\"180\"><a href=\"https:\/\/poloniaoberoesterreich.com\/wp-content\/uploads\/2009\/01\/img_8479-kopie.jpg\"><img fetchpriority=\"high\" decoding=\"async\" class=\"aligncenter size-full wp-image-23482\" src=\"https:\/\/poloniaoberoesterreich.com\/wp-content\/uploads\/2009\/01\/img_8479-kopie.jpg\" alt=\"\" width=\"850\" height=\"568\" srcset=\"https:\/\/poloniaoberoesterreich.com\/wp-content\/uploads\/2009\/01\/img_8479-kopie.jpg 850w, https:\/\/poloniaoberoesterreich.com\/wp-content\/uploads\/2009\/01\/img_8479-kopie-300x200.jpg 300w, https:\/\/poloniaoberoesterreich.com\/wp-content\/uploads\/2009\/01\/img_8479-kopie-768x513.jpg 768w\" sizes=\"(max-width: 850px) 100vw, 850px\" \/><\/a><\/td>\n<td style=\"text-align: center;\" valign=\"middle\"><strong>Ein Abend mit einem Lied<\/strong>&nbsp;<\/p>\n<p><strong> Alexandra Winiarska-Bernakiewicz<\/strong><\/p>\n<p class=\"MsoNormal\" style=\"text-align: center;\" align=\"center\"><strong><span lang=\"PL\">10. Januar 2009<\/span><\/strong><\/p>\n<\/td>\n<\/tr>\n<\/tbody>\n<\/table>\n<p><!--more--><\/p>\n<p class=\"MsoNormal\"><span lang=\"PL\">Es ist mir eine Ehre, Ihnen meine pers\u00f6nlichen Eindr\u00fccke vom Treffen mit dem Lied von Frau Aleksandra Winiarska-Bernakiewicz und Mr. <\/span><span lang=\"PL\">Markus Schachinger<\/span><span lang=\"PL\">die am Samstag, 10. J\u00e4nner 2009 im Volkshaus Kleinm\u00fcnchen in Linz stattfand. Die Bem\u00fchungen der Organisatoren waren an sch\u00f6n dekorierten Tischen, einem netten Empfang der G\u00e4ste und am Ende einem Dank an die K\u00fcnstlerin mit einem wundersch\u00f6nen Blumenstrau\u00df zu erkennen.<\/span><\/p>\n<p class=\"MsoNormal\">&nbsp;<\/p>\n<p class=\"MsoNormal\"><span lang=\"PL\">Bleiben wir beim wichtigsten Thema des heutigen Abends. Es war die Stimme von Frau Aleksandra, die das Publikum dieses Konzerts verzauberte. <\/span><\/p>\n<p class=\"MsoNormal\"><span lang=\"PL\">Ola ist eine nette junge Frau, die mit ihrer ganzen Person sp\u00fcrt, was sie singt. In ihren Liedern konnte man nicht nur Okudzhava-Balladen h\u00f6ren ... in unserer Muttersprache, sondern auch Leidenschaft und Professionalit\u00e4t. <\/span><\/p>\n<p class=\"MsoNormal\">&nbsp;<\/p>\n<p class=\"MsoNormal\"><span lang=\"PL\">Ola sang in Polen in einem ganz anderen Musikbereich, sie besch\u00e4ftigte sich mit Operngesang, ihr Lebensweg f\u00fchrte sie in die \u00f6sterreichischen Alpen, wo sie ihren Beruf noch immer aus\u00fcbt und in der N\u00e4he von Wels Gesangsunterricht gibt.<\/span><\/p>\n<p class=\"MsoNormal\">&nbsp;<\/p>\n<p class=\"MsoNormal\"><span lang=\"PL\">Es ist nicht wirklich, was ein Konzert \u00fcber ihn beurteilen soll, die meisten H\u00f6rer h\u00f6ren keine Musik, um es sp\u00e4ter zu beschreiben. Erw\u00e4hnenswert ist aber, dass Ola unsere eingeschlafenen Sinne ber\u00fchrte, Polensehnsucht, durchdringende G\u00e4nsehaut auf sanfte Art und Weise, die auch durch die pers\u00f6nlich geschriebenen Texte eine leichte Melancholie ausl\u00f6ste. <\/span><\/p>\n<p class=\"MsoNormal\"><span lang=\"PL\">Es ist m\u00f6glich, dass das Wort \u201eMelancholie\u201c falsch gelesen wird, es ist eine positive Seelenbewegung, auch wenn sie nur wenige Minuten anh\u00e4lt.<\/span><\/p>\n<p class=\"MsoNormal\">&nbsp;<\/p>\n<p class=\"MsoNormal\"><span lang=\"PL\">Man kann so viel \u00fcber Musik schreiben, aber eines ist sicher, wenn es nur im Rhythmus und mit sch\u00f6ner Stimme gesungen wird, ist es nichts weiter als ein Lied, die von Ola gesungene Musik ist f\u00fcr sensationshungrige Menschen.<\/span><\/p>\n<p class=\"MsoNormal\">&nbsp;<\/p>\n<p class=\"MsoNormal\"><span lang=\"PL\">Es ist auch wichtig, Sie zu erw\u00e4hnen <\/span><span lang=\"PL\">Markus Schachinger, der<\/span><span lang=\"PL\"> er ist \u00d6sterreicher, er versteht kein Wort Polnisch, aber er konnte Olas Texte tadellos lesen, sich rhythmisch auf der Gitarre anpassen. Es war klar, dass sie ein sehr harmonisches Duo sind.<\/span><\/p>\n<p class=\"MsoNormal\">&nbsp;<\/p>\n<p class=\"MsoNormal\"><span lang=\"PL\">Es hat sich gelohnt, sich eine Stunde lang der Atmosph\u00e4re hinzugeben, die den Raum durchdrang.<\/span><\/p>\n<p class=\"MsoNormal\"><span lang=\"PL\">Man konnte die Gedanken der Zuh\u00f6rer fast h\u00f6ren, durch ihre Aufmerksamkeit und Stille, ihre Begeisterung f\u00fcr rhythmischere Lieder und ihre Bereitschaft, wenn auch still, sich den Texten alter Lieder anzuschlie\u00dfen, die jeder von uns kennt ...<\/span><\/p>\n<p class=\"MsoNormal\">&nbsp;<\/p>\n<p class=\"MsoNormal\"><span lang=\"DE-AT\">Monika Hartl<\/span><\/p>\n<div id='gallery-1' class='gallery galleryid-22682 gallery-columns-2 gallery-size-full'><figure class='gallery-item'>\n\t\t\t<div class='gallery-icon landscape'>\n\t\t\t\t<a href='https:\/\/poloniaoberoesterreich.com\/wp-content\/uploads\/2009\/01\/mg_8488-kopie.jpg'><img decoding=\"async\" width=\"850\" height=\"568\" src=\"https:\/\/poloniaoberoesterreich.com\/wp-content\/uploads\/2009\/01\/mg_8488-kopie.jpg\" class=\"attachment-full size-full\" alt=\"\" srcset=\"https:\/\/poloniaoberoesterreich.com\/wp-content\/uploads\/2009\/01\/mg_8488-kopie.jpg 850w, https:\/\/poloniaoberoesterreich.com\/wp-content\/uploads\/2009\/01\/mg_8488-kopie-300x200.jpg 300w, https:\/\/poloniaoberoesterreich.com\/wp-content\/uploads\/2009\/01\/mg_8488-kopie-768x513.jpg 768w\" sizes=\"(max-width: 850px) 100vw, 850px\" \/><\/a>\n\t\t\t<\/div><\/figure><figure class='gallery-item'>\n\t\t\t<div class='gallery-icon landscape'>\n\t\t\t\t<a href='https:\/\/poloniaoberoesterreich.com\/wp-content\/uploads\/2009\/01\/mg_8487-kopie.jpg'><img decoding=\"async\" width=\"850\" height=\"568\" src=\"https:\/\/poloniaoberoesterreich.com\/wp-content\/uploads\/2009\/01\/mg_8487-kopie.jpg\" class=\"attachment-full size-full\" alt=\"\" srcset=\"https:\/\/poloniaoberoesterreich.com\/wp-content\/uploads\/2009\/01\/mg_8487-kopie.jpg 850w, https:\/\/poloniaoberoesterreich.com\/wp-content\/uploads\/2009\/01\/mg_8487-kopie-300x200.jpg 300w, https:\/\/poloniaoberoesterreich.com\/wp-content\/uploads\/2009\/01\/mg_8487-kopie-768x513.jpg 768w\" sizes=\"(max-width: 850px) 100vw, 850px\" \/><\/a>\n\t\t\t<\/div><\/figure>\n\t\t<\/div>\n\n<p style=\"text-align: center;\"><strong>FOTOBEWERTUNG<\/strong><\/p>ngg_shortcode_0_platzhalter","protected":false},"excerpt":{"rendered":"<p>Ein Abend mit Gesang Alexandra Winiarska-Bernakiewicz 10 Januar 2009<\/p>","protected":false},"author":5,"featured_media":23481,"comment_status":"closed","ping_status":"closed","sticky":false,"template":"","format":"standard","meta":{"_seopress_robots_primary_cat":"none","_seopress_titles_title":"","_seopress_titles_desc":"","_seopress_robots_index":"","ngg_post_thumbnail":0,"footnotes":""},"categories":[46,37],"tags":[],"class_list":{"0":"post-22682","1":"post","2":"type-post","3":"status-publish","4":"format-standard","5":"has-post-thumbnail","7":"category-2009-wydarzenia","8":"category-wydarzenia"},"_links":{"self":[{"href":"https:\/\/poloniaoberoesterreich.com\/de\/wp-json\/wp\/v2\/posts\/22682","targetHints":{"allow":["GET"]}}],"collection":[{"href":"https:\/\/poloniaoberoesterreich.com\/de\/wp-json\/wp\/v2\/posts"}],"about":[{"href":"https:\/\/poloniaoberoesterreich.com\/de\/wp-json\/wp\/v2\/types\/post"}],"author":[{"embeddable":true,"href":"https:\/\/poloniaoberoesterreich.com\/de\/wp-json\/wp\/v2\/users\/5"}],"replies":[{"embeddable":true,"href":"https:\/\/poloniaoberoesterreich.com\/de\/wp-json\/wp\/v2\/comments?post=22682"}],"version-history":[{"count":0,"href":"https:\/\/poloniaoberoesterreich.com\/de\/wp-json\/wp\/v2\/posts\/22682\/revisions"}],"wp:featuredmedia":[{"embeddable":true,"href":"https:\/\/poloniaoberoesterreich.com\/de\/wp-json\/wp\/v2\/media\/23481"}],"wp:attachment":[{"href":"https:\/\/poloniaoberoesterreich.com\/de\/wp-json\/wp\/v2\/media?parent=22682"}],"wp:term":[{"taxonomy":"category","embeddable":true,"href":"https:\/\/poloniaoberoesterreich.com\/de\/wp-json\/wp\/v2\/categories?post=22682"},{"taxonomy":"post_tag","embeddable":true,"href":"https:\/\/poloniaoberoesterreich.com\/de\/wp-json\/wp\/v2\/tags?post=22682"}],"curies":[{"name":"wp","href":"https:\/\/api.w.org\/{rel}","templated":true}]}}