{"id":22687,"date":"2009-02-28T19:58:52","date_gmt":"2009-02-28T18:58:52","guid":{"rendered":"https:\/\/poloniaoberoesterreich.com\/halowy-turniej-pilki-noznej-o-puchar-gornej-austrii-2009\/bez-kategorii\/"},"modified":"2022-09-06T09:28:03","modified_gmt":"2022-09-06T07:28:03","slug":"fussballturnier-um-pokal-oberosterreich-2009","status":"publish","type":"post","link":"https:\/\/poloniaoberoesterreich.com\/de\/veranstaltungen-2\/fussballturnier-um-pokal-oberosterreich-2009\/","title":{"rendered":"1. Hallenfu\u00dfballturnier um den Ober\u00f6sterreichischen Pokal"},"content":{"rendered":"<p class=\"MsoNormal\" style=\"margin-bottom: 0.0001pt; line-height: normal;\">&nbsp;<\/p>\n<table border=\"0\" width=\"680\" cellspacing=\"0\" cellpadding=\"0\" align=\"center\">\n<tbody>\n<tr>\n<td align=\"left\" valign=\"middle\" width=\"180\"><img fetchpriority=\"high\" decoding=\"async\" class=\"aligncenter wp-image-23539 size-full\" src=\"https:\/\/poloniaoberoesterreich.com\/wp-content\/uploads\/2009\/02\/img_3727.jpg\" alt=\"\" width=\"800\" height=\"600\" srcset=\"https:\/\/poloniaoberoesterreich.com\/wp-content\/uploads\/2009\/02\/img_3727.jpg 800w, https:\/\/poloniaoberoesterreich.com\/wp-content\/uploads\/2009\/02\/img_3727-300x225.jpg 300w, https:\/\/poloniaoberoesterreich.com\/wp-content\/uploads\/2009\/02\/img_3727-768x576.jpg 768w\" sizes=\"(max-width: 800px) 100vw, 800px\" \/><\/td>\n<td style=\"text-align: center;\" valign=\"middle\">\n<p class=\"MsoNormal\" style=\"text-align: center;\" align=\"center\"><strong><span lang=\"PL\">1. Hallenfu\u00dfballturnier um den Ober\u00f6sterreichischen Pokal<\/span><\/strong><\/p>\n<p class=\"MsoNormal\" style=\"text-align: center;\" align=\"center\"><strong><span lang=\"PL\">28. Februar 2009<\/span><\/strong><\/p>\n<\/td>\n<\/tr>\n<\/tbody>\n<\/table>\n<p><!--more--><\/p>\n<p>Sportveranstaltungen geh\u00f6ren zu den Aktivit\u00e4ten der Polnischen Gemeinde in Ober\u00f6sterreich.<\/p>\n<p>Am 28. Februar 2009 fand in Linz das 1. Hallenfu\u00dfballturnier um den Ober\u00f6sterreichischen Pokal statt.<\/p>\n<p>Aus der Liste derjenigen, die bereit waren, am Wettbewerb auf dem Platz teilzunehmen, kamen 7 Teams, aber welche !! Die gro\u00dfe Attraktion des Turniers war das Polonez-Team aus Wien mit Krzysztof Ratajczyk, einem ehemaligen Vertreter der polnischen Nationalmannschaft, der auch Torsch\u00fctzenk\u00f6nig wurde, und Zenon Ma\u0142ek, dem Manager dieser Mannschaft, einem ehemaligen Wis\u0142a-Krak\u00f3w-Spieler.<\/p>\n<p>Nach harten Gruppenspielen, von denen Polonez-Vienna mit einer vollen Siegesserie aus der Gruppe I ins Halbfinale einzog, wurde auch der zweite Platz in der Gruppe durch ein besseres Torverh\u00e4ltnis f\u00fcr die Halbfinalqualifikation entschieden des Teams aus Linz.<\/p>\n<p>In Gruppe II stiegen Feliks-Wien und die Polnische Botschaft ins Halbfinale auf.<\/p>\n<p>Das erste Halbfinale gewann Polonez und deklassierte Embassy, im zweiten besiegten die Linzer Feliks-Vienna.<\/p>\n<p>Das Endspiel zwischen Polonaise und Linz sorgte f\u00fcr viele Emotionen und trotz der 3:1-F\u00fchrung der Gastgeber gewannen die Wiener nach einem harten Kampf mit 6:3.<\/p>\n<p>Feliks-Wien wurde Dritter und auch die Jungs von der polnischen Botschaft verteidigten tapfer die Ehre ihrer Falken und belegten den vierten Platz.<\/p>\n<p>Die Spieler der Stadthalle-Linz, hingerissen von der Freundlichkeit und Gastfreundschaft, mit der sie empfangen wurden, versuchten ihr Bestes zu zeigen, dass sie auch in der Halle zu kicken wissen und nahmen die blaue Mannschaft aus Kirchdorf, die in einem geschw\u00e4chten Kader spielte, mit der vorletzte Platz.<\/p>\n<p>Nat\u00fcrlich gab es auch Fans der unvergessenen Mannschaft aus Rohrbach (ich hatte das Vergn\u00fcgen, f\u00fcr sie zu spielen), denen es in den Gruppenspielen etwas an Gl\u00fcck und Zeit gefehlt hat. Mateusz, Marek, Kowal sind Freuden- und Entt\u00e4uschungsrufe, die unser Spiel begleiteten.<\/p>\n<p>Eine vorbildliche Atmosph\u00e4re, Disziplin und sportliche Herzlichkeit waren auf Schritt und Tritt zu sp\u00fcren.<\/p>\n<p>Beata, Ania, Viola, Ula, Iza sind Damen, die sich so sehr um die kulinarische Seite des Turniers gek\u00fcmmert haben, dass es an leckeren Kuchen nicht mangelte und die hei\u00dfen W\u00fcrste \u00fcber alle Ma\u00dfen schmeckten.<\/p>\n<p>Julian Gaborek und seine Frau k\u00fcmmerten sich um die Vorbereitung und Durchf\u00fchrung des Turniers, Izabela Grabowska und Ula Ciszewska boten ihre Hilfe an.<\/p>\n<p>Ich m\u00f6chte mich bei allen bedanken, die zum Fortbestehen unserer Schlachten beigetragen haben, und lade Interessierte zur Fotogalerie ein.<\/p>\n<p>Trochanowski Mateusz<\/p>\n<div id='gallery-1' class='gallery galleryid-22687 gallery-columns-2 gallery-size-full'><figure class='gallery-item'>\n\t\t\t<div class='gallery-icon landscape'>\n\t\t\t\t<img decoding=\"async\" width=\"800\" height=\"600\" src=\"https:\/\/poloniaoberoesterreich.com\/wp-content\/uploads\/2009\/02\/cimg0317.jpg\" class=\"attachment-full size-full\" alt=\"\" srcset=\"https:\/\/poloniaoberoesterreich.com\/wp-content\/uploads\/2009\/02\/cimg0317.jpg 800w, https:\/\/poloniaoberoesterreich.com\/wp-content\/uploads\/2009\/02\/cimg0317-300x225.jpg 300w, https:\/\/poloniaoberoesterreich.com\/wp-content\/uploads\/2009\/02\/cimg0317-768x576.jpg 768w\" sizes=\"(max-width: 800px) 100vw, 800px\" \/>\n\t\t\t<\/div><\/figure><figure class='gallery-item'>\n\t\t\t<div class='gallery-icon landscape'>\n\t\t\t\t<img decoding=\"async\" width=\"800\" height=\"600\" src=\"https:\/\/poloniaoberoesterreich.com\/wp-content\/uploads\/2009\/02\/cimg0307.jpg\" class=\"attachment-full size-full\" alt=\"\" srcset=\"https:\/\/poloniaoberoesterreich.com\/wp-content\/uploads\/2009\/02\/cimg0307.jpg 800w, https:\/\/poloniaoberoesterreich.com\/wp-content\/uploads\/2009\/02\/cimg0307-300x225.jpg 300w, https:\/\/poloniaoberoesterreich.com\/wp-content\/uploads\/2009\/02\/cimg0307-768x576.jpg 768w\" sizes=\"(max-width: 800px) 100vw, 800px\" \/>\n\t\t\t<\/div><\/figure>\n\t\t<\/div>\n\n<p class=\"MsoNormal\" style=\"margin-left: 0cm; line-height: normal;\"><strong><span style=\"font-size: 14pt; font-family: 'Times New Roman','serif';\">1. Platz - Polonaise Wien<\/span><\/strong><\/p>\n<p class=\"MsoNormal\" style=\"margin: 0cm 0cm 0.0001pt; line-height: normal;\"><span style=\"font-size: 12pt; font-family: 'Times New Roman','serif';\">Ratajczyk Krzysztof<\/span><\/p>\n<p class=\"MsoNormal\" style=\"margin: 0cm 0cm 0.0001pt; line-height: normal;\"><span style=\"font-size: 12pt; font-family: 'Times New Roman','serif';\">Siudek W\u0142odzimierz<\/span><\/p>\n<p class=\"MsoNormal\" style=\"margin: 0cm 0cm 0.0001pt; line-height: normal;\"><span style=\"font-size: 12pt; font-family: 'Times New Roman','serif';\">Schweizer Darek<\/span><\/p>\n<p class=\"MsoNormal\" style=\"margin: 0cm 0cm 0.0001pt; line-height: normal;\"><span style=\"font-size: 12pt; font-family: 'Times New Roman','serif';\">Sack Piotr<\/span><\/p>\n<p class=\"MsoNormal\" style=\"margin: 0cm 0cm 0.0001pt; line-height: normal;\"><span style=\"font-size: 12pt; font-family: 'Times New Roman','serif';\">Bratowski Pawel<\/span><\/p>\n<p class=\"MsoNormal\" style=\"margin: 0cm 0cm 0.0001pt; line-height: normal;\"><span style=\"font-size: 12pt; font-family: 'Times New Roman','serif';\">Walaszek Adam<\/span><\/p>\n<p class=\"MsoNormal\" style=\"margin: 0cm 0cm 0.0001pt; line-height: normal;\"><span style=\"font-size: 12pt; font-family: 'Times New Roman','serif';\">Halyszyn Piotr<\/span><\/p>\n<p class=\"MsoNormal\" style=\"margin: 0cm 0cm 0.0001pt; line-height: normal;\"><span style=\"font-size: 12pt; font-family: 'Times New Roman','serif';\">Malek Zenon<\/span><\/p>\n<p class=\"MsoNormal\" style=\"margin: 0cm 0cm 0.0001pt; line-height: normal;\"><span style=\"font-size: 12pt; font-family: 'Times New Roman','serif';\">W\u00f3jcik Wies\u0142aw<\/span><\/p>\n<div id='gallery-2' class='gallery galleryid-22687 gallery-columns-2 gallery-size-full'><figure class='gallery-item'>\n\t\t\t<div class='gallery-icon landscape'>\n\t\t\t\t<img loading=\"lazy\" decoding=\"async\" width=\"800\" height=\"532\" src=\"https:\/\/poloniaoberoesterreich.com\/wp-content\/uploads\/2009\/02\/dsc02788mail.jpg\" class=\"attachment-full size-full\" alt=\"\" srcset=\"https:\/\/poloniaoberoesterreich.com\/wp-content\/uploads\/2009\/02\/dsc02788mail.jpg 800w, https:\/\/poloniaoberoesterreich.com\/wp-content\/uploads\/2009\/02\/dsc02788mail-300x200.jpg 300w, https:\/\/poloniaoberoesterreich.com\/wp-content\/uploads\/2009\/02\/dsc02788mail-768x511.jpg 768w\" sizes=\"(max-width: 800px) 100vw, 800px\" \/>\n\t\t\t<\/div><\/figure><figure class='gallery-item'>\n\t\t\t<div class='gallery-icon landscape'>\n\t\t\t\t<img loading=\"lazy\" decoding=\"async\" width=\"800\" height=\"600\" src=\"https:\/\/poloniaoberoesterreich.com\/wp-content\/uploads\/2009\/02\/cimg0040.jpg\" class=\"attachment-full size-full\" alt=\"\" srcset=\"https:\/\/poloniaoberoesterreich.com\/wp-content\/uploads\/2009\/02\/cimg0040.jpg 800w, https:\/\/poloniaoberoesterreich.com\/wp-content\/uploads\/2009\/02\/cimg0040-300x225.jpg 300w, https:\/\/poloniaoberoesterreich.com\/wp-content\/uploads\/2009\/02\/cimg0040-768x576.jpg 768w\" sizes=\"(max-width: 800px) 100vw, 800px\" \/>\n\t\t\t<\/div><\/figure>\n\t\t<\/div>\n\n<p class=\"MsoNormal\" style=\"margin-left: 0cm; line-height: normal;\"><strong><span style=\"font-size: 14pt; font-family: 'Times New Roman','serif';\">2. Platz - Linz<\/span><\/strong><\/p>\n<p class=\"MsoNormal\" style=\"margin: 0cm 0cm 0.0001pt; line-height: normal;\"><span style=\"font-size: 12pt; font-family: 'Times New Roman','serif';\">Traczyk Wojciech<\/span><\/p>\n<p class=\"MsoNormal\" style=\"margin: 0cm 0cm 0.0001pt; line-height: normal;\"><span style=\"font-size: 12pt; font-family: 'Times New Roman','serif';\">Kunicki Orest<\/span><\/p>\n<p class=\"MsoNormal\" style=\"margin: 0cm 0cm 0.0001pt; line-height: normal;\"><span style=\"font-size: 12pt; font-family: 'Times New Roman','serif';\">Rendaszka Kamil<\/span><\/p>\n<p class=\"MsoNormal\" style=\"margin: 0cm 0cm 0.0001pt; line-height: normal;\"><span style=\"font-size: 12pt; font-family: 'Times New Roman','serif';\">Alexander Taperek<\/span><\/p>\n<p class=\"MsoNormal\" style=\"margin: 0cm 0cm 0.0001pt; line-height: normal;\"><span style=\"font-size: 12pt; font-family: 'Times New Roman','serif';\">Wr\u00f3bel Kazimierz<\/span><\/p>\n<p class=\"MsoNormal\" style=\"margin: 0cm 0cm 0.0001pt; line-height: normal;\"><span style=\"font-size: 12pt; font-family: 'Times New Roman','serif';\">Grabowski Bartek<\/span><\/p>\n<p class=\"MsoNormal\" style=\"margin: 0cm 0cm 0.0001pt; line-height: normal;\"><span style=\"font-size: 12pt; font-family: 'Times New Roman','serif';\">Wei\u00dfenberger Roland<\/span><\/p>\n<div id='gallery-3' class='gallery galleryid-22687 gallery-columns-2 gallery-size-full'><figure class='gallery-item'>\n\t\t\t<div class='gallery-icon landscape'>\n\t\t\t\t<img loading=\"lazy\" decoding=\"async\" width=\"800\" height=\"532\" src=\"https:\/\/poloniaoberoesterreich.com\/wp-content\/uploads\/2009\/02\/dsc02784mail.jpg\" class=\"attachment-full size-full\" alt=\"\" srcset=\"https:\/\/poloniaoberoesterreich.com\/wp-content\/uploads\/2009\/02\/dsc02784mail.jpg 800w, https:\/\/poloniaoberoesterreich.com\/wp-content\/uploads\/2009\/02\/dsc02784mail-300x200.jpg 300w, https:\/\/poloniaoberoesterreich.com\/wp-content\/uploads\/2009\/02\/dsc02784mail-768x511.jpg 768w\" sizes=\"(max-width: 800px) 100vw, 800px\" \/>\n\t\t\t<\/div><\/figure><figure class='gallery-item'>\n\t\t\t<div class='gallery-icon landscape'>\n\t\t\t\t<img loading=\"lazy\" decoding=\"async\" width=\"800\" height=\"600\" src=\"https:\/\/poloniaoberoesterreich.com\/wp-content\/uploads\/2009\/02\/cimg0042.jpg\" class=\"attachment-full size-full\" alt=\"\" srcset=\"https:\/\/poloniaoberoesterreich.com\/wp-content\/uploads\/2009\/02\/cimg0042.jpg 800w, https:\/\/poloniaoberoesterreich.com\/wp-content\/uploads\/2009\/02\/cimg0042-300x225.jpg 300w, https:\/\/poloniaoberoesterreich.com\/wp-content\/uploads\/2009\/02\/cimg0042-768x576.jpg 768w\" sizes=\"(max-width: 800px) 100vw, 800px\" \/>\n\t\t\t<\/div><\/figure>\n\t\t<\/div>\n\n<p class=\"MsoNormal\" style=\"margin-left: 0cm; line-height: normal;\"><strong><span style=\"font-size: 14pt; font-family: 'Times New Roman','serif';\">3. Platz - Feliks Wien<\/span><\/strong><\/p>\n<p class=\"MsoNormal\" style=\"margin: 0cm 0cm 0.0001pt; line-height: normal;\"><span style=\"font-size: 12pt; font-family: 'Times New Roman','serif';\">Filip Pawel<\/span><\/p>\n<p class=\"MsoNormal\" style=\"margin: 0cm 0cm 0.0001pt; line-height: normal;\"><span style=\"font-size: 12pt; font-family: 'Times New Roman','serif';\">Cisowski Tomasz<\/span><\/p>\n<p class=\"MsoNormal\" style=\"margin: 0cm 0cm 0.0001pt; line-height: normal;\"><span style=\"font-size: 12pt; font-family: 'Times New Roman','serif';\">Rudnik Marian<\/span><\/p>\n<p class=\"MsoNormal\" style=\"margin: 0cm 0cm 0.0001pt; line-height: normal;\"><span style=\"font-size: 12pt; font-family: 'Times New Roman','serif';\">Regec Andrzej<\/span><\/p>\n<p class=\"MsoNormal\" style=\"margin: 0cm 0cm 0.0001pt; line-height: normal;\"><span style=\"font-size: 12pt; font-family: 'Times New Roman','serif';\">Kloc Pawel<\/span><\/p>\n<p class=\"MsoNormal\" style=\"margin: 0cm 0cm 0.0001pt; line-height: normal;\"><span style=\"font-size: 12pt; font-family: 'Times New Roman','serif';\">Ligeza Slawomir<\/span><\/p>\n<p class=\"MsoNormal\" style=\"margin: 0cm 0cm 0.0001pt; line-height: normal;\"><span style=\"font-size: 12pt; font-family: 'Times New Roman','serif';\">Hausmeister Sebastian<\/span><\/p>\n<p class=\"MsoNormal\" style=\"margin: 0cm 0cm 0.0001pt; line-height: normal;\"><span style=\"font-size: 12pt; font-family: 'Times New Roman','serif';\">Lambert Konrad<\/span><\/p>\n<div id='gallery-4' class='gallery galleryid-22687 gallery-columns-2 gallery-size-full'><figure class='gallery-item'>\n\t\t\t<div class='gallery-icon landscape'>\n\t\t\t\t<img loading=\"lazy\" decoding=\"async\" width=\"800\" height=\"532\" src=\"https:\/\/poloniaoberoesterreich.com\/wp-content\/uploads\/2009\/02\/dsc02782mail.jpg\" class=\"attachment-full size-full\" alt=\"\" srcset=\"https:\/\/poloniaoberoesterreich.com\/wp-content\/uploads\/2009\/02\/dsc02782mail.jpg 800w, https:\/\/poloniaoberoesterreich.com\/wp-content\/uploads\/2009\/02\/dsc02782mail-300x200.jpg 300w, https:\/\/poloniaoberoesterreich.com\/wp-content\/uploads\/2009\/02\/dsc02782mail-768x511.jpg 768w\" sizes=\"(max-width: 800px) 100vw, 800px\" \/>\n\t\t\t<\/div><\/figure><figure class='gallery-item'>\n\t\t\t<div class='gallery-icon landscape'>\n\t\t\t\t<img loading=\"lazy\" decoding=\"async\" width=\"800\" height=\"600\" src=\"https:\/\/poloniaoberoesterreich.com\/wp-content\/uploads\/2009\/02\/cimg0043.jpg\" class=\"attachment-full size-full\" alt=\"\" srcset=\"https:\/\/poloniaoberoesterreich.com\/wp-content\/uploads\/2009\/02\/cimg0043.jpg 800w, https:\/\/poloniaoberoesterreich.com\/wp-content\/uploads\/2009\/02\/cimg0043-300x225.jpg 300w, https:\/\/poloniaoberoesterreich.com\/wp-content\/uploads\/2009\/02\/cimg0043-768x576.jpg 768w\" sizes=\"(max-width: 800px) 100vw, 800px\" \/>\n\t\t\t<\/div><\/figure>\n\t\t<\/div>\n\n<p class=\"MsoNormal\" style=\"margin-left: 0cm; line-height: normal;\"><strong><span style=\"font-size: 14pt; font-family: 'Times New Roman','serif';\">4. Platz - Polnische Botschaft Wien<\/span><\/strong><\/p>\n<p class=\"MsoNormal\" style=\"margin: 0cm 0cm 0.0001pt; line-height: normal;\"><span style=\"font-size: 12pt; font-family: 'Times New Roman','serif';\">Sobotka Marek<\/span><\/p>\n<p class=\"MsoNormal\" style=\"margin: 0cm 0cm 0.0001pt; line-height: normal;\"><span style=\"font-size: 12pt; font-family: 'Times New Roman','serif';\">Wawrzyniak Janusz<\/span><\/p>\n<p class=\"MsoNormal\" style=\"margin: 0cm 0cm 0.0001pt; line-height: normal;\"><span style=\"font-size: 12pt; font-family: 'Times New Roman','serif';\">Zakrzewski Zbigniew<\/span><\/p>\n<p class=\"MsoNormal\" style=\"margin: 0cm 0cm 0.0001pt; line-height: normal;\"><span style=\"font-size: 12pt; font-family: 'Times New Roman','serif';\">Zuchowski, Daniel<\/span><\/p>\n<p class=\"MsoNormal\" style=\"margin: 0cm 0cm 0.0001pt; line-height: normal;\"><span style=\"font-size: 12pt; font-family: 'Times New Roman','serif';\">Czerwinski, Grzegorz<\/span><\/p>\n<p class=\"MsoNormal\" style=\"margin: 0cm 0cm 0.0001pt; line-height: normal;\"><span style=\"font-size: 12pt; font-family: 'Times New Roman','serif';\">Trochanowski Jan<\/span><\/p>\n<div id='gallery-5' class='gallery galleryid-22687 gallery-columns-2 gallery-size-full'><figure class='gallery-item'>\n\t\t\t<div class='gallery-icon landscape'>\n\t\t\t\t<img loading=\"lazy\" decoding=\"async\" width=\"800\" height=\"600\" src=\"https:\/\/poloniaoberoesterreich.com\/wp-content\/uploads\/2009\/02\/cimg0315.jpg\" class=\"attachment-full size-full\" alt=\"\" srcset=\"https:\/\/poloniaoberoesterreich.com\/wp-content\/uploads\/2009\/02\/cimg0315.jpg 800w, https:\/\/poloniaoberoesterreich.com\/wp-content\/uploads\/2009\/02\/cimg0315-300x225.jpg 300w, https:\/\/poloniaoberoesterreich.com\/wp-content\/uploads\/2009\/02\/cimg0315-768x576.jpg 768w\" sizes=\"(max-width: 800px) 100vw, 800px\" \/>\n\t\t\t<\/div><\/figure><figure class='gallery-item'>\n\t\t\t<div class='gallery-icon landscape'>\n\t\t\t\t<img loading=\"lazy\" decoding=\"async\" width=\"800\" height=\"600\" src=\"https:\/\/poloniaoberoesterreich.com\/wp-content\/uploads\/2009\/02\/cimg0274.jpg\" class=\"attachment-full size-full\" alt=\"\" srcset=\"https:\/\/poloniaoberoesterreich.com\/wp-content\/uploads\/2009\/02\/cimg0274.jpg 800w, https:\/\/poloniaoberoesterreich.com\/wp-content\/uploads\/2009\/02\/cimg0274-300x225.jpg 300w, https:\/\/poloniaoberoesterreich.com\/wp-content\/uploads\/2009\/02\/cimg0274-768x576.jpg 768w\" sizes=\"(max-width: 800px) 100vw, 800px\" \/>\n\t\t\t<\/div><\/figure>\n\t\t<\/div>\n\n<p class=\"MsoNormal\" style=\"margin-left: 0cm; line-height: normal;\"><strong><span style=\"font-size: 14pt; font-family: 'Times New Roman','serif';\">Platz 5 - Rohrbach<\/span><\/strong><\/p>\n<p class=\"MsoNormal\" style=\"margin: 0cm 0cm 0.0001pt; line-height: normal;\"><span style=\"font-size: 12pt; font-family: 'Times New Roman','serif';\">Trochanowski Jan<\/span><\/p>\n<p class=\"MsoNormal\" style=\"margin: 0cm 0cm 0.0001pt; line-height: normal;\"><span style=\"font-size: 12pt; font-family: 'Times New Roman','serif';\">Trochanowski Mateusz<\/span><\/p>\n<p class=\"MsoNormal\" style=\"margin: 0cm 0cm 0.0001pt; line-height: normal;\"><span style=\"font-size: 12pt; font-family: 'Times New Roman','serif';\">Jeremiasz aus Trochan\u00f3w<\/span><\/p>\n<p class=\"MsoNormal\" style=\"margin: 0cm 0cm 0.0001pt; line-height: normal;\"><span style=\"font-size: 12pt; font-family: 'Times New Roman','serif';\">Staszewski Darek<\/span><\/p>\n<p class=\"MsoNormal\" style=\"margin: 0cm 0cm 0.0001pt; line-height: normal;\"><span style=\"font-size: 12pt; font-family: 'Times New Roman','serif';\">Kowalewski Rafal<\/span><\/p>\n<p class=\"MsoNormal\" style=\"margin: 0cm 0cm 0.0001pt; line-height: normal;\"><span style=\"font-size: 12pt; font-family: 'Times New Roman','serif';\">Szostak Mateusz<\/span><\/p>\n<p class=\"MsoNormal\" style=\"margin: 0cm 0cm 0.0001pt; line-height: normal;\"><span style=\"font-size: 12pt; font-family: 'Times New Roman','serif';\">Adrian Puch<\/span><\/p>\n<p class=\"MsoNormal\" style=\"margin: 0cm 0cm 0.0001pt; line-height: normal;\"><span style=\"font-size: 12pt; font-family: 'Times New Roman','serif';\">Dziak Marek<\/span><\/p>\n<div id='gallery-6' class='gallery galleryid-22687 gallery-columns-2 gallery-size-full'><figure class='gallery-item'>\n\t\t\t<div class='gallery-icon landscape'>\n\t\t\t\t<img loading=\"lazy\" decoding=\"async\" width=\"800\" height=\"600\" src=\"https:\/\/poloniaoberoesterreich.com\/wp-content\/uploads\/2009\/02\/cimg0203.jpg\" class=\"attachment-full size-full\" alt=\"\" srcset=\"https:\/\/poloniaoberoesterreich.com\/wp-content\/uploads\/2009\/02\/cimg0203.jpg 800w, https:\/\/poloniaoberoesterreich.com\/wp-content\/uploads\/2009\/02\/cimg0203-300x225.jpg 300w, https:\/\/poloniaoberoesterreich.com\/wp-content\/uploads\/2009\/02\/cimg0203-768x576.jpg 768w\" sizes=\"(max-width: 800px) 100vw, 800px\" \/>\n\t\t\t<\/div><\/figure><figure class='gallery-item'>\n\t\t\t<div class='gallery-icon landscape'>\n\t\t\t\t<img loading=\"lazy\" decoding=\"async\" width=\"800\" height=\"600\" src=\"https:\/\/poloniaoberoesterreich.com\/wp-content\/uploads\/2009\/02\/cimg0217.jpg\" class=\"attachment-full size-full\" alt=\"\" srcset=\"https:\/\/poloniaoberoesterreich.com\/wp-content\/uploads\/2009\/02\/cimg0217.jpg 800w, https:\/\/poloniaoberoesterreich.com\/wp-content\/uploads\/2009\/02\/cimg0217-300x225.jpg 300w, https:\/\/poloniaoberoesterreich.com\/wp-content\/uploads\/2009\/02\/cimg0217-768x576.jpg 768w\" sizes=\"(max-width: 800px) 100vw, 800px\" \/>\n\t\t\t<\/div><\/figure>\n\t\t<\/div>\n\n<p class=\"MsoNormal\" style=\"margin-left: 0cm; line-height: normal;\"><strong><span style=\"font-size: 14pt; font-family: 'Times New Roman','serif';\">Platz 6 - Kirchdorf<\/span><\/strong><\/p>\n<p class=\"MsoNormal\" style=\"margin: 0cm 0cm 0.0001pt; line-height: normal;\"><span style=\"font-size: 12pt; font-family: 'Times New Roman','serif';\">Krzysztof Szewczyk<\/span><\/p>\n<p class=\"MsoNormal\" style=\"margin: 0cm 0cm 0.0001pt; line-height: normal;\"><span style=\"font-size: 12pt; font-family: 'Times New Roman','serif';\">Mareks Foto<\/span><\/p>\n<p class=\"MsoNormal\" style=\"margin: 0cm 0cm 0.0001pt; line-height: normal;\"><span style=\"font-size: 12pt; font-family: 'Times New Roman','serif';\">Foto Patrick<\/span><\/p>\n<p class=\"MsoNormal\" style=\"margin: 0cm 0cm 0.0001pt; line-height: normal;\">Foto Lukasz<\/p>\n<p class=\"MsoNormal\" style=\"margin: 0cm 0cm 0.0001pt; line-height: normal;\"><span style=\"font-size: 12pt; font-family: 'Times New Roman','serif';\">Schubrycht Andrzej<\/span><\/p>\n<div id='gallery-7' class='gallery galleryid-22687 gallery-columns-2 gallery-size-full'><figure class='gallery-item'>\n\t\t\t<div class='gallery-icon landscape'>\n\t\t\t\t<img loading=\"lazy\" decoding=\"async\" width=\"800\" height=\"600\" src=\"https:\/\/poloniaoberoesterreich.com\/wp-content\/uploads\/2009\/02\/cimg0200.jpg\" class=\"attachment-full size-full\" alt=\"\" srcset=\"https:\/\/poloniaoberoesterreich.com\/wp-content\/uploads\/2009\/02\/cimg0200.jpg 800w, https:\/\/poloniaoberoesterreich.com\/wp-content\/uploads\/2009\/02\/cimg0200-300x225.jpg 300w, https:\/\/poloniaoberoesterreich.com\/wp-content\/uploads\/2009\/02\/cimg0200-768x576.jpg 768w\" sizes=\"(max-width: 800px) 100vw, 800px\" \/>\n\t\t\t<\/div><\/figure><figure class='gallery-item'>\n\t\t\t<div class='gallery-icon landscape'>\n\t\t\t\t<img loading=\"lazy\" decoding=\"async\" width=\"800\" height=\"600\" src=\"https:\/\/poloniaoberoesterreich.com\/wp-content\/uploads\/2009\/02\/cimg0258.jpg\" class=\"attachment-full size-full\" alt=\"\" srcset=\"https:\/\/poloniaoberoesterreich.com\/wp-content\/uploads\/2009\/02\/cimg0258.jpg 800w, https:\/\/poloniaoberoesterreich.com\/wp-content\/uploads\/2009\/02\/cimg0258-300x225.jpg 300w, https:\/\/poloniaoberoesterreich.com\/wp-content\/uploads\/2009\/02\/cimg0258-768x576.jpg 768w\" sizes=\"(max-width: 800px) 100vw, 800px\" \/>\n\t\t\t<\/div><\/figure>\n\t\t<\/div>\n\n<p class=\"MsoNormal\" style=\"margin-left: 0cm; line-height: normal;\"><strong><span style=\"font-size: 14pt; font-family: 'Times New Roman','serif';\">Platz 7 - Gemeinderat Linz<\/span><\/strong><\/p>\n<p class=\"MsoNormal\" style=\"margin: 0cm 0cm 0.0001pt; line-height: normal;\"><span style=\"font-size: 12pt; font-family: 'Times New Roman','serif';\">Leidenm\u00fchle Franz<\/span><\/p>\n<p class=\"MsoNormal\" style=\"margin: 0cm 0cm 0.0001pt; line-height: normal;\"><span style=\"font-size: 12pt; font-family: 'Times New Roman','serif';\">Kuhn Wolfgang<\/span><\/p>\n<p class=\"MsoNormal\" style=\"margin: 0cm 0cm 0.0001pt; line-height: normal;\"><span style=\"font-size: 12pt; font-family: 'Times New Roman','serif';\">Huber Jakob<\/span><\/p>\n<p class=\"MsoNormal\" style=\"margin: 0cm 0cm 0.0001pt; line-height: normal;\"><span style=\"font-size: 12pt; font-family: 'Times New Roman','serif';\">Zehetner Joe<\/span><\/p>\n<p class=\"MsoNormal\" style=\"margin: 0cm 0cm 0.0001pt; line-height: normal;\"><span style=\"font-size: 12pt; font-family: 'Times New Roman','serif';\">Kaiser Erich<\/span><\/p>\n<p class=\"MsoNormal\" style=\"margin: 0cm 0cm 0.0001pt; line-height: normal;\"><span style=\"font-size: 12pt; font-family: 'Times New Roman','serif';\">Kaiser Alexander<\/span><\/p>\n<div id='gallery-8' class='gallery galleryid-22687 gallery-columns-2 gallery-size-full'><figure class='gallery-item'>\n\t\t\t<div class='gallery-icon landscape'>\n\t\t\t\t<img loading=\"lazy\" decoding=\"async\" width=\"800\" height=\"600\" src=\"https:\/\/poloniaoberoesterreich.com\/wp-content\/uploads\/2009\/02\/cimg0198.jpg\" class=\"attachment-full size-full\" alt=\"\" srcset=\"https:\/\/poloniaoberoesterreich.com\/wp-content\/uploads\/2009\/02\/cimg0198.jpg 800w, https:\/\/poloniaoberoesterreich.com\/wp-content\/uploads\/2009\/02\/cimg0198-300x225.jpg 300w, https:\/\/poloniaoberoesterreich.com\/wp-content\/uploads\/2009\/02\/cimg0198-768x576.jpg 768w\" sizes=\"(max-width: 800px) 100vw, 800px\" \/>\n\t\t\t<\/div><\/figure><figure class='gallery-item'>\n\t\t\t<div class='gallery-icon landscape'>\n\t\t\t\t<img loading=\"lazy\" decoding=\"async\" width=\"800\" height=\"600\" src=\"https:\/\/poloniaoberoesterreich.com\/wp-content\/uploads\/2009\/02\/cimg0313.jpg\" class=\"attachment-full size-full\" alt=\"\" srcset=\"https:\/\/poloniaoberoesterreich.com\/wp-content\/uploads\/2009\/02\/cimg0313.jpg 800w, https:\/\/poloniaoberoesterreich.com\/wp-content\/uploads\/2009\/02\/cimg0313-300x225.jpg 300w, https:\/\/poloniaoberoesterreich.com\/wp-content\/uploads\/2009\/02\/cimg0313-768x576.jpg 768w\" sizes=\"(max-width: 800px) 100vw, 800px\" \/>\n\t\t\t<\/div><\/figure>\n\t\t<\/div>\n\n<p class=\"MsoNormal\" style=\"text-align: center;\" align=\"center\"><strong><span lang=\"PL\">Torsch\u00fctzenk\u00f6nig mit 9 Toren<\/span><\/strong><\/p>\n<p class=\"MsoNormal\" style=\"text-align: center;\" align=\"center\"><strong><span lang=\"PL\">Krzysztof Ratajczyk<\/span><\/strong><\/p>\n<p align=\"center\"><img loading=\"lazy\" decoding=\"async\" class=\"alignnone wp-image-23642 size-full\" src=\"https:\/\/poloniaoberoesterreich.com\/wp-content\/uploads\/2009\/02\/img_3689.jpg\" alt=\"\" width=\"600\" height=\"800\" srcset=\"https:\/\/poloniaoberoesterreich.com\/wp-content\/uploads\/2009\/02\/img_3689.jpg 600w, https:\/\/poloniaoberoesterreich.com\/wp-content\/uploads\/2009\/02\/img_3689-225x300.jpg 225w\" sizes=\"(max-width: 600px) 100vw, 600px\" \/><\/p>\n<p style=\"text-align: center;\"><strong>FOTOBEWERTUNG<\/strong><\/p>ngg_shortcode_0_platzhalter","protected":false},"excerpt":{"rendered":"<p>&nbsp; Erstes Ober\u00f6sterreich-Cup-Hallenfu\u00dfballturnier 28. Februar 2009<\/p>","protected":false},"author":5,"featured_media":23538,"comment_status":"closed","ping_status":"closed","sticky":false,"template":"","format":"standard","meta":{"_seopress_robots_primary_cat":"none","_seopress_titles_title":"","_seopress_titles_desc":"","_seopress_robots_index":"","ngg_post_thumbnail":0,"footnotes":""},"categories":[46,37],"tags":[],"class_list":{"0":"post-22687","1":"post","2":"type-post","3":"status-publish","4":"format-standard","5":"has-post-thumbnail","7":"category-2009-wydarzenia","8":"category-wydarzenia"},"_links":{"self":[{"href":"https:\/\/poloniaoberoesterreich.com\/de\/wp-json\/wp\/v2\/posts\/22687","targetHints":{"allow":["GET"]}}],"collection":[{"href":"https:\/\/poloniaoberoesterreich.com\/de\/wp-json\/wp\/v2\/posts"}],"about":[{"href":"https:\/\/poloniaoberoesterreich.com\/de\/wp-json\/wp\/v2\/types\/post"}],"author":[{"embeddable":true,"href":"https:\/\/poloniaoberoesterreich.com\/de\/wp-json\/wp\/v2\/users\/5"}],"replies":[{"embeddable":true,"href":"https:\/\/poloniaoberoesterreich.com\/de\/wp-json\/wp\/v2\/comments?post=22687"}],"version-history":[{"count":0,"href":"https:\/\/poloniaoberoesterreich.com\/de\/wp-json\/wp\/v2\/posts\/22687\/revisions"}],"wp:featuredmedia":[{"embeddable":true,"href":"https:\/\/poloniaoberoesterreich.com\/de\/wp-json\/wp\/v2\/media\/23538"}],"wp:attachment":[{"href":"https:\/\/poloniaoberoesterreich.com\/de\/wp-json\/wp\/v2\/media?parent=22687"}],"wp:term":[{"taxonomy":"category","embeddable":true,"href":"https:\/\/poloniaoberoesterreich.com\/de\/wp-json\/wp\/v2\/categories?post=22687"},{"taxonomy":"post_tag","embeddable":true,"href":"https:\/\/poloniaoberoesterreich.com\/de\/wp-json\/wp\/v2\/tags?post=22687"}],"curies":[{"name":"wp","href":"https:\/\/api.w.org\/{rel}","templated":true}]}}