{"id":22694,"date":"2009-04-29T20:18:21","date_gmt":"2009-04-29T18:18:21","guid":{"rendered":"https:\/\/poloniaoberoesterreich.com\/wizyta-ambasadora-rp-dr-jerzego-marganskiego-w-linzu\/bez-kategorii\/"},"modified":"2022-09-02T13:11:40","modified_gmt":"2022-09-02T11:11:40","slug":"visit-botschafter-rp-dr-jerzy-marganski-in-linz","status":"publish","type":"post","link":"https:\/\/poloniaoberoesterreich.com\/de\/veranstaltungen-2\/visit-botschafter-rp-dr-jerzy-marganski-in-linz\/","title":{"rendered":"Besuch des Botschafters der Republik Polen Dr. Jerzy MARGA\u0143SKI in Linz"},"content":{"rendered":"<table border=\"0\" width=\"680\" cellspacing=\"0\" cellpadding=\"0\" align=\"center\">\n<tbody>\n<tr>\n<td align=\"left\" valign=\"middle\" width=\"180\"><a href=\"https:\/\/poloniaoberoesterreich.com\/wp-content\/uploads\/2009\/04\/dsc_0107.jpg\"><img fetchpriority=\"high\" decoding=\"async\" class=\"aligncenter size-full wp-image-24210\" src=\"https:\/\/poloniaoberoesterreich.com\/wp-content\/uploads\/2009\/04\/dsc_0107.jpg\" alt=\"\" width=\"800\" height=\"531\" srcset=\"https:\/\/poloniaoberoesterreich.com\/wp-content\/uploads\/2009\/04\/dsc_0107.jpg 800w, https:\/\/poloniaoberoesterreich.com\/wp-content\/uploads\/2009\/04\/dsc_0107-300x199.jpg 300w, https:\/\/poloniaoberoesterreich.com\/wp-content\/uploads\/2009\/04\/dsc_0107-768x510.jpg 768w\" sizes=\"(max-width: 800px) 100vw, 800px\" \/><\/a><\/td>\n<td style=\"text-align: center;\" valign=\"middle\">\n<p class=\"MsoNormal\" style=\"text-align: center;\" align=\"center\"><strong><span lang=\"PL\">Treffen mit JE Dr. Jerzy Marganski<\/span><\/strong><\/p>\n<p class=\"MsoNormal\" style=\"text-align: center;\" align=\"center\"><strong><span lang=\"PL\">Der polnische Botschafter in \u00d6sterreich <\/span><\/strong><\/p>\n<p class=\"MsoNormal\" style=\"text-align: center;\" align=\"center\"><strong><span lang=\"PL\">Linz - 29. April 2009<\/span><\/strong><\/p>\n<\/td>\n<\/tr>\n<\/tbody>\n<\/table>\n<p><!--more--><\/p>\n<p>Am 29. April 2009 um 18.30 Uhr im Zentrum f\u00fcr die polnische Diaspora des Verbandes der Polen in Ober\u00f6sterreich in Linz, Friedhofstr. Am 25. fand ein Treffen der polnischen Gemeinde in Ober\u00f6sterreich mit SE Dr. Jerzy Marga\u0144ski als Botschafter der Republik Polen in \u00d6sterreich. An diesem Tag stattete SE Dr. Jerzy Marga\u0144ski dem Land Ober\u00f6sterreich einen offiziellen Besuch ab, um seine diplomatische Mission zu beginnen. An dem fr\u00fcheren Treffen im Alten Rathaus nahmen Vertreter der Beh\u00f6rden und der Kirche teil: der Ministerpr\u00e4sident der ober\u00f6sterreichischen Landesregierung - Dr. J\u00f3zef P\u00fchringer, der Pr\u00e4sident des ober\u00f6sterreichischen Landtags - Angela Orthner, die B\u00fcrgermeisterin von Linz - Dr Franz Dobusch, der Bischof von Linz - Dr. Ludwig Schwarz und der Pr\u00e4sident der Wirtschaftskammer - Dr. Rudolf Trauner. SE Dr. Marga\u0144ski kam in Begleitung des Beraters \u2013 Ministers, Leiters der Konsularabteilung der Botschaft der Republik Polen in Wien, Herrn Tadeusz Oliwi\u0144ski, in das Polnische Diasporazentrum. Der Pr\u00e4sident der ZPwGA, Herr Krzysztof Siera\u0144ski, lud auch den Priester der polnischen Auslandsgemeinde, Herbert Sojka, ein. Schade, dass er Julian Gaborek, den Pr\u00e4sidenten der Polnischen Gemeinde in Ober\u00f6sterreich, nicht eingeladen hat. In der Halle des polnischen Gemeindezentrums waren viele Mitglieder dieser Organisation, darunter auch Herr Gaborek. Nach der offiziellen Begr\u00fc\u00dfung beantwortete SE Dr. Marga\u0144ski die Fragen der Teilnehmer. Mehrfach \u00e4u\u00dferte er die Bereitschaft der Polnischen Botschaft in Wien, mit der polnischen Gemeinde zusammenzuarbeiten. In seiner Rede stellte der Botschafter auch ausf\u00fchrlich seinen politischen Werdegang vor. Herr Botschafter beantwortete einige der Fragen aus dem Raum mit bemerkenswerter Intelligenz und Sinn f\u00fcr Humor. Es l\u00f6ste bei der versammelten polnischen Gemeinde Beifallsst\u00fcrme aus. Anl\u00e4sslich dieses Besuchs \u00fcberreichte die polnische Gemeinde dem Botschafter einen riesigen Kuchen in Form eines aufgeschlagenen Buches mit der Bitte, ihn anzuschneiden. Danach begann die Party. Es gab reichlich zu essen und zu trinken. Jetzt konnte jeder in kleinen Gruppen mit Herrn Botschafter und Herrn Konsul sprechen. Urszula Ciszewska k\u00fcmmerte sich um die Dokumentation dieser wunderbaren Momente. Die Sitzung dauerte bis in die sp\u00e4ten Abendstunden.<\/p>\n<p>Dipl.-Ing. Stanislaus Piekarz<\/p>\n<div id='gallery-1' class='gallery galleryid-22694 gallery-columns-2 gallery-size-full'><figure class='gallery-item'>\n\t\t\t<div class='gallery-icon landscape'>\n\t\t\t\t<a href='https:\/\/poloniaoberoesterreich.com\/wp-content\/uploads\/2009\/04\/dsc_0094.jpg'><img decoding=\"async\" width=\"800\" height=\"531\" src=\"https:\/\/poloniaoberoesterreich.com\/wp-content\/uploads\/2009\/04\/dsc_0094.jpg\" class=\"attachment-full size-full\" alt=\"\" srcset=\"https:\/\/poloniaoberoesterreich.com\/wp-content\/uploads\/2009\/04\/dsc_0094.jpg 800w, https:\/\/poloniaoberoesterreich.com\/wp-content\/uploads\/2009\/04\/dsc_0094-300x199.jpg 300w, https:\/\/poloniaoberoesterreich.com\/wp-content\/uploads\/2009\/04\/dsc_0094-768x510.jpg 768w\" sizes=\"(max-width: 800px) 100vw, 800px\" \/><\/a>\n\t\t\t<\/div><\/figure><figure class='gallery-item'>\n\t\t\t<div class='gallery-icon landscape'>\n\t\t\t\t<a href='https:\/\/poloniaoberoesterreich.com\/wp-content\/uploads\/2009\/04\/dsc_0117.jpg'><img decoding=\"async\" width=\"800\" height=\"531\" src=\"https:\/\/poloniaoberoesterreich.com\/wp-content\/uploads\/2009\/04\/dsc_0117.jpg\" class=\"attachment-full size-full\" alt=\"\" srcset=\"https:\/\/poloniaoberoesterreich.com\/wp-content\/uploads\/2009\/04\/dsc_0117.jpg 800w, https:\/\/poloniaoberoesterreich.com\/wp-content\/uploads\/2009\/04\/dsc_0117-300x199.jpg 300w, https:\/\/poloniaoberoesterreich.com\/wp-content\/uploads\/2009\/04\/dsc_0117-768x510.jpg 768w\" sizes=\"(max-width: 800px) 100vw, 800px\" \/><\/a>\n\t\t\t<\/div><\/figure>\n\t\t<\/div>\n\n<p style=\"text-align: center;\"><strong>FOTOBEWERTUNG<\/strong><\/p>ngg_shortcode_0_platzhalter","protected":false},"excerpt":{"rendered":"<p>Treffen mit S.E. Dr. Jerzy Marganski Botschafter der Republik Polen in \u00d6sterreich Linz - 29. April 2009<\/p>","protected":false},"author":5,"featured_media":24209,"comment_status":"closed","ping_status":"closed","sticky":false,"template":"","format":"standard","meta":{"_seopress_robots_primary_cat":"none","_seopress_titles_title":"","_seopress_titles_desc":"","_seopress_robots_index":"","ngg_post_thumbnail":0,"footnotes":""},"categories":[46,37],"tags":[],"class_list":{"0":"post-22694","1":"post","2":"type-post","3":"status-publish","4":"format-standard","5":"has-post-thumbnail","7":"category-2009-wydarzenia","8":"category-wydarzenia"},"_links":{"self":[{"href":"https:\/\/poloniaoberoesterreich.com\/de\/wp-json\/wp\/v2\/posts\/22694","targetHints":{"allow":["GET"]}}],"collection":[{"href":"https:\/\/poloniaoberoesterreich.com\/de\/wp-json\/wp\/v2\/posts"}],"about":[{"href":"https:\/\/poloniaoberoesterreich.com\/de\/wp-json\/wp\/v2\/types\/post"}],"author":[{"embeddable":true,"href":"https:\/\/poloniaoberoesterreich.com\/de\/wp-json\/wp\/v2\/users\/5"}],"replies":[{"embeddable":true,"href":"https:\/\/poloniaoberoesterreich.com\/de\/wp-json\/wp\/v2\/comments?post=22694"}],"version-history":[{"count":0,"href":"https:\/\/poloniaoberoesterreich.com\/de\/wp-json\/wp\/v2\/posts\/22694\/revisions"}],"wp:featuredmedia":[{"embeddable":true,"href":"https:\/\/poloniaoberoesterreich.com\/de\/wp-json\/wp\/v2\/media\/24209"}],"wp:attachment":[{"href":"https:\/\/poloniaoberoesterreich.com\/de\/wp-json\/wp\/v2\/media?parent=22694"}],"wp:term":[{"taxonomy":"category","embeddable":true,"href":"https:\/\/poloniaoberoesterreich.com\/de\/wp-json\/wp\/v2\/categories?post=22694"},{"taxonomy":"post_tag","embeddable":true,"href":"https:\/\/poloniaoberoesterreich.com\/de\/wp-json\/wp\/v2\/tags?post=22694"}],"curies":[{"name":"wp","href":"https:\/\/api.w.org\/{rel}","templated":true}]}}