{"id":22715,"date":"2009-09-06T16:36:13","date_gmt":"2009-09-06T14:36:13","guid":{"rendered":"https:\/\/poloniaoberoesterreich.com\/wycieczka-do-wiednia-xviii-dni-polskie-w-austrii\/bez-kategorii\/"},"modified":"2022-09-02T13:23:26","modified_gmt":"2022-09-02T11:23:26","slug":"reise-nach-wien-xviii-tage-polnisch-in-osterreich","status":"publish","type":"post","link":"https:\/\/poloniaoberoesterreich.com\/de\/veranstaltungen-2\/reise-nach-wien-xviii-tage-polnisch-in-osterreich\/","title":{"rendered":"Reise nach Wien - 18 Polentage in \u00d6sterreich"},"content":{"rendered":"<table border=\"0\" width=\"680\" cellspacing=\"0\" cellpadding=\"0\" align=\"center\">\n<tbody>\n<tr>\n<td align=\"left\" valign=\"middle\" width=\"180\"><a href=\"https:\/\/poloniaoberoesterreich.com\/wp-content\/uploads\/2009\/09\/dsc_0173.jpg\"><img fetchpriority=\"high\" decoding=\"async\" class=\"aligncenter size-full wp-image-24330\" src=\"https:\/\/poloniaoberoesterreich.com\/wp-content\/uploads\/2009\/09\/dsc_0173.jpg\" alt=\"\" width=\"800\" height=\"531\" srcset=\"https:\/\/poloniaoberoesterreich.com\/wp-content\/uploads\/2009\/09\/dsc_0173.jpg 800w, https:\/\/poloniaoberoesterreich.com\/wp-content\/uploads\/2009\/09\/dsc_0173-300x199.jpg 300w, https:\/\/poloniaoberoesterreich.com\/wp-content\/uploads\/2009\/09\/dsc_0173-768x510.jpg 768w\" sizes=\"(max-width: 800px) 100vw, 800px\" \/><\/a><\/td>\n<td style=\"text-align: center;\" valign=\"middle\">\n<p align=\"center\"><strong>Eine Reise nach Wien<\/strong><\/p>\n<p align=\"center\"><strong>5. - 6. September 2009<\/strong><\/p>\n<\/td>\n<\/tr>\n<\/tbody>\n<\/table>\n<p><!--more--><\/p>\n<p>Am 5. und 6. September war ich Teilnehmer einer polnischen Gemeindereise nach Wien, organisiert von der Gemeinschaft der Polen in Ober\u00f6sterreich.<\/p>\n<p>Auf dem Programm stand unter anderem der Besuch der Hauptstadt unter Ber\u00fccksichtigung der Spuren der Polen in dieser Stadt.<\/p>\n<p>Bei einem langen Spaziergang durch Wien wurden wir von der netten Frau Ma\u0142gosia begleitet, die Wien liebt und sich f\u00fcr seine Geschichte und Kultur begeistert.<\/p>\n<p>Wir begannen unsere Tour mit dem Schloss Sch\u00f6nbrunn und seiner Glorietta, wo wir Wiener Melange in der Septembersonne tranken. Dann f\u00fchrte der Weg unter anderem zur Kaiserresidenz - Hofburg, Schloss Belvedere und St. Stefan, in netter Atmosph\u00e4re und interessanten Geschichten von unserem Guide.<\/p>\n<p>Langsam r\u00fcckte uns die Stadt immer n\u00e4her, auch durch das Bewusstsein der Pr\u00e4senz von Jan Sobieski in ihrer Geschichte mit dem gesamten Wiener Hilfswerk, St. Kostka, viele Familien polnischer Adeliger, die Kontakte zu Wien hatten, sowie die Gedenktafel unseres Papstes Johannes Paul im Dom St. Stefan.<\/p>\n<p>Abendlicher Programmpunkt war die Er\u00f6ffnungsfeier der 18. Polentage in \u00d6sterreich unter Beteiligung zahlreicher Ehreng\u00e4ste aus Polen und \u00d6sterreich sowie das Galakonzert \u201eChopiniana \u2013 Jazzing Chopin and Strauss with a Polish Soul\u201c.<\/p>\n<p>Nach der Zeremonie wurde noch lange diskutiert und bei einem Glas Wein in der \u201eLobby\u201c Kontakte gekn\u00fcpft.<\/p>\n<p>Nach einem ereignisreichen Tag ging es in ein nettes polnisch-\u00f6sterreichisches Hotel am Stadtrand von Wien (empfehlenswert).<\/p>\n<p>Am Sonntag begann die Expedition zum Kahlenberg und die Teilnahme an der vaterl\u00e4ndischen Messe anl\u00e4sslich des 326. Jahrestages der Wiener Hilfe und des 26. Jahrestages der Anwesenheit von Papst Johannes Paul auf dem Kahlenberg.<\/p>\n<p>Anschlie\u00dfend fand das \u201eErntefest\u201c unter Teilnahme des polnischen Botschafters in \u00d6sterreich, Herrn Jerzy Marga\u0144ski, des Konsuls, Herrn Bogus\u0142aw Dubi\u0144ski, des Vertreters des Senats, Herrn Andrzej Persona, und der Kirchenbeh\u00f6rden statt. Wir bewunderten die Auftritte des Gesangs- und Tanzensembles \u201eSiberian krakowiak\u201c aus Sibirien und \u201eZakopane\u201c aus Wien.<\/p>\n<p>Bei der letzten Wiener Malange an diesem Wochenende haben wir uns noch lange am wunderbaren Wien-Panorama vom Kahlenberg erfreuen k\u00f6nnen.<\/p>\n<p>Voller Eindr\u00fccke und in hitzigen Diskussionen der polnischen Community kehrten wir nach Hause zur\u00fcck.<\/p>\n<p>Als Neuling in den Reihen der polnischen Gemeinde gaben mir diese zwei Tage die Gelegenheit, ihr Leben, ihre Organisationen und Probleme zu ber\u00fchren, meine Wurzeln aufzufrischen und mir Wien zu zeigen, wo ich jedes Mal etwas Neues entdecke.<\/p>\n<p>Danuta Maciejewska<\/p>\n<div id='gallery-1' class='gallery galleryid-22715 gallery-columns-2 gallery-size-full'><figure class='gallery-item'>\n\t\t\t<div class='gallery-icon landscape'>\n\t\t\t\t<a href='https:\/\/poloniaoberoesterreich.com\/wp-content\/uploads\/2009\/09\/dsc_06451.jpg'><img decoding=\"async\" width=\"800\" height=\"531\" src=\"https:\/\/poloniaoberoesterreich.com\/wp-content\/uploads\/2009\/09\/dsc_06451.jpg\" class=\"attachment-full size-full\" alt=\"\" srcset=\"https:\/\/poloniaoberoesterreich.com\/wp-content\/uploads\/2009\/09\/dsc_06451.jpg 800w, https:\/\/poloniaoberoesterreich.com\/wp-content\/uploads\/2009\/09\/dsc_06451-300x199.jpg 300w, https:\/\/poloniaoberoesterreich.com\/wp-content\/uploads\/2009\/09\/dsc_06451-768x510.jpg 768w\" sizes=\"(max-width: 800px) 100vw, 800px\" \/><\/a>\n\t\t\t<\/div><\/figure><figure class='gallery-item'>\n\t\t\t<div class='gallery-icon landscape'>\n\t\t\t\t<a href='https:\/\/poloniaoberoesterreich.com\/wp-content\/uploads\/2009\/09\/cimg18721.jpg'><img decoding=\"async\" width=\"800\" height=\"600\" src=\"https:\/\/poloniaoberoesterreich.com\/wp-content\/uploads\/2009\/09\/cimg18721.jpg\" class=\"attachment-full size-full\" alt=\"\" srcset=\"https:\/\/poloniaoberoesterreich.com\/wp-content\/uploads\/2009\/09\/cimg18721.jpg 800w, https:\/\/poloniaoberoesterreich.com\/wp-content\/uploads\/2009\/09\/cimg18721-300x225.jpg 300w, https:\/\/poloniaoberoesterreich.com\/wp-content\/uploads\/2009\/09\/cimg18721-768x576.jpg 768w\" sizes=\"(max-width: 800px) 100vw, 800px\" \/><\/a>\n\t\t\t<\/div><\/figure>\n\t\t<\/div>\n\n<p style=\"text-align: center;\"><strong>FOTOBEWERTUNG<\/strong><\/p>ngg_shortcode_0_platzhalter","protected":false},"excerpt":{"rendered":"<p>Reise nach Wien 5.-6. September 2009<\/p>","protected":false},"author":5,"featured_media":24329,"comment_status":"closed","ping_status":"closed","sticky":false,"template":"","format":"standard","meta":{"_seopress_robots_primary_cat":"none","_seopress_titles_title":"","_seopress_titles_desc":"","_seopress_robots_index":"","ngg_post_thumbnail":0,"footnotes":""},"categories":[46,37],"tags":[],"class_list":{"0":"post-22715","1":"post","2":"type-post","3":"status-publish","4":"format-standard","5":"has-post-thumbnail","7":"category-2009-wydarzenia","8":"category-wydarzenia"},"_links":{"self":[{"href":"https:\/\/poloniaoberoesterreich.com\/de\/wp-json\/wp\/v2\/posts\/22715","targetHints":{"allow":["GET"]}}],"collection":[{"href":"https:\/\/poloniaoberoesterreich.com\/de\/wp-json\/wp\/v2\/posts"}],"about":[{"href":"https:\/\/poloniaoberoesterreich.com\/de\/wp-json\/wp\/v2\/types\/post"}],"author":[{"embeddable":true,"href":"https:\/\/poloniaoberoesterreich.com\/de\/wp-json\/wp\/v2\/users\/5"}],"replies":[{"embeddable":true,"href":"https:\/\/poloniaoberoesterreich.com\/de\/wp-json\/wp\/v2\/comments?post=22715"}],"version-history":[{"count":0,"href":"https:\/\/poloniaoberoesterreich.com\/de\/wp-json\/wp\/v2\/posts\/22715\/revisions"}],"wp:featuredmedia":[{"embeddable":true,"href":"https:\/\/poloniaoberoesterreich.com\/de\/wp-json\/wp\/v2\/media\/24329"}],"wp:attachment":[{"href":"https:\/\/poloniaoberoesterreich.com\/de\/wp-json\/wp\/v2\/media?parent=22715"}],"wp:term":[{"taxonomy":"category","embeddable":true,"href":"https:\/\/poloniaoberoesterreich.com\/de\/wp-json\/wp\/v2\/categories?post=22715"},{"taxonomy":"post_tag","embeddable":true,"href":"https:\/\/poloniaoberoesterreich.com\/de\/wp-json\/wp\/v2\/tags?post=22715"}],"curies":[{"name":"wp","href":"https:\/\/api.w.org\/{rel}","templated":true}]}}