{"id":22848,"date":"2012-06-16T05:03:48","date_gmt":"2012-06-16T03:03:48","guid":{"rendered":"https:\/\/poloniaoberoesterreich.com\/zlot-i-igrzyska-2012\/bez-kategorii\/"},"modified":"2022-09-02T14:04:42","modified_gmt":"2022-09-02T12:04:42","slug":"rallye-und-spiele-2012","status":"publish","type":"post","link":"https:\/\/poloniaoberoesterreich.com\/de\/veranstaltungen-2\/rallye-und-spiele-2012\/","title":{"rendered":"IV Rallye und Spiele der polnischen Diaspora in Ober\u00f6sterreich"},"content":{"rendered":"<table border=\"0\" width=\"680\" cellspacing=\"0\" cellpadding=\"0\" align=\"center\">\n<tbody>\n<tr>\n<td align=\"left\" valign=\"middle\" width=\"180\"><a href=\"https:\/\/poloniaoberoesterreich.com\/wp-content\/uploads\/2012\/06\/img_0591.jpg\"><img fetchpriority=\"high\" decoding=\"async\" class=\"aligncenter size-full wp-image-25104\" src=\"https:\/\/poloniaoberoesterreich.com\/wp-content\/uploads\/2012\/06\/img_0591.jpg\" alt=\"\" width=\"800\" height=\"533\" srcset=\"https:\/\/poloniaoberoesterreich.com\/wp-content\/uploads\/2012\/06\/img_0591.jpg 800w, https:\/\/poloniaoberoesterreich.com\/wp-content\/uploads\/2012\/06\/img_0591-300x200.jpg 300w, https:\/\/poloniaoberoesterreich.com\/wp-content\/uploads\/2012\/06\/img_0591-768x512.jpg 768w\" sizes=\"(max-width: 800px) 100vw, 800px\" \/><\/a><\/td>\n<td style=\"text-align: center;\" valign=\"middle\">\n<p align=\"center\"><strong>IV Rallye und Spiele der polnischen Diaspora in Ober\u00f6sterreich<\/strong><\/p>\n<p align=\"center\"><strong>Fest an der Donau<br \/>\n<\/strong><\/p>\n<p align=\"center\"><strong>16. Juni 2012<\/strong><\/p>\n<\/td>\n<\/tr>\n<\/tbody>\n<\/table>\n<p><!--more--><\/p>\n<p style=\"text-align: right;\">&nbsp;<\/p>\n<p style=\"text-align: right;\"><strong>&quot;Veni, vidi, vici&quot;<\/strong><\/p>\n<p style=\"text-align: right;\">Caesars Worte in einem Brief an einen Freund, 47 v<\/p>\n<p>An der wundersch\u00f6nen blauen Donau in Linz fanden am 16. Juni 2012 die 4. Polnischen Kongresse und Spiele in Ober\u00f6sterreich statt. Die polnische Diaspora aus mehreren L\u00e4ndern traf sich auf dem gr\u00fcnen Rasen des Spielfelds. Von M\u00fcnchen nach Budapest. Die hei\u00dfen Sonnenstrahlen streichelten unsere K\u00f6rper und die leichte Brise mit dem Duft der in der N\u00e4he wachsenden Linde brachte nur manchmal Erleichterung.<\/p>\n<p>Julian Gaborek, Pr\u00e4sident der WPwGA, f\u00fchrte zusammen mit Maja Haller die wundersch\u00f6n dekorierte Szene der feierlichen Er\u00f6ffnung der Polnischen Spiele in Ober\u00f6sterreich und am Nachmittag die Polnische Diaspora-Rallye mit Silvia Schneider, der Fernsehsprecherin von LT1, durch. Der polnische Akzent der Veranstaltung wurde noch unterstrichen durch die volkst\u00fcmliche Kleidung von Frau Silvia in Wei\u00df und Rot, in der sie ph\u00e4nomenal aussah und alle G\u00e4ste mit ihrem pers\u00f6nlichen Charme verzauberte. Ich pers\u00f6nlich habe sie mit Danu\u015bka aus dem Roman \u201eDie Deutschen Ritter\u201c von H. Sienkiewicz in Verbindung gebracht.<\/p>\n<p>In den Morgenstunden von \u201eAn der sch\u00f6nen blauen Donau\u201c spielte nicht Johann Strauss, sondern die Sportmannschaften.<\/p>\n<p>Kinder nahmen an den Spielen teil und k\u00e4mpften ehrgeizig im Schwei\u00df des Angesichts in verschiedenen Wettbewerben. Kinder freuten sich \u00fcber Medaillengewinne, ihre Eltern freuten sich. Die Gastgeber dieses Teils der Spiele waren: Pawe\u0142 Sakowski und \u0141ukasz Bilski. Acht Mannschaften k\u00e4mpften beim 4. Fu\u00dfballturnier um den Ober\u00f6sterreichischen Pokal.<\/p>\n<p><strong>&quot;Sie kamen, sie sahen, sie eroberten&quot; <\/strong><\/p>\n<p>Das kann man \u00fcber den Fu\u00dfballverein SV Polonia M\u00fcnchen sagen. Herzliche Gl\u00fcckw\u00fcnsche !!!<\/p>\n<p>Wir gratulieren auch den anderen sieben Teams zu ihrem mutigen Sportsgeist und w\u00fcnschen ihnen den ersten Platz im n\u00e4chsten Jahr. Die n\u00e4chsten Pl\u00e4tze belegten folgende Mannschaften:<\/p>\n<p>2 Der Adler von Linz<\/p>\n<p>3 Polonia Wien<\/p>\n<p>4 Spartakraab \u00d6VP Linz<\/p>\n<p>5 Wikinger von Linz<\/p>\n<p>6 Polonia Budapest<\/p>\n<p>7 Polonia Rohrbach<\/p>\n<p>8 SP\u00d6 Linz<\/p>\n<p>K\u00f6nig der Sch\u00fctzen war Marcin Kwiatkowski aus M\u00fcnchen.<\/p>\n<p>Die Spiele waren spektakul\u00e4r. Kein Wunder, dass die Fans, oder besser Fans, sehr aktiv waren. Das Fu\u00dfballturnier wurde von Richard und Ewa Mas\u0142owski koordiniert.<\/p>\n<p>An diesem hei\u00dfen Tag wurde professionell f\u00fcr eine gut sortierte Feldk\u00fcche gesorgt, damit wir nicht dehydriert und hungrig wurden.<\/p>\n<p>Auf den sportlichen Teil folgte eine Reihe von k\u00fcnstlerischen Darbietungen, bei denen unsere G\u00e4ste aus Budapest unter der Leitung von Katarzyna Balogh auf der B\u00fchne und auf dem Rasen regierten und polnische und ungarische T\u00e4nze mit Volksliedern pr\u00e4sentierten. Unsere Gemeinde trat auch mit dem Kinderensemble &quot;Oberek&quot; auf und die \u00f6sterreichischen T\u00e4nze wurden von einer Folkloregruppe aus Rohrbach dargeboten. Der Musiker und S\u00e4nger Krzysztof Czuba regte von der B\u00fchne zu zeitgen\u00f6ssischen T\u00e4nzen im Disco-Stil an.<\/p>\n<p>Wie jedes Jahr fanden traditionell die Wahlen zur Miss Polonia Sommer statt, angef\u00fchrt von unserer lieben Miss Polonia Agata Moll. Der Hauptgewinn ist ein 5-t\u00e4giger Aufenthalt mit einer Begleitperson <a href=\"http:\/\/www.orzelbialy.pl\/\" target=\"_blank\" rel=\"noopener\">Hotel &quot;Orze\u0142 Bia\u0142y&quot; in Szczyrk<\/a> finanziert von seinem Direktor Wojciech Kufel, gewann Szarwas Szarolta aus Ungarn.<\/p>\n<p>Das Festival wurde durch die Anwesenheit folgender G\u00e4ste geehrt:<\/p>\n<p>- Dr. Erich Watzl - stellvertretender B\u00fcrgermeister der Stadt Linz<\/p>\n<p>- Dr. Klaus Luger - stellvertretender B\u00fcrgermeister der Stadt Linz<\/p>\n<p>- DR. Elisabeth Manhal - Mitglied des Ober\u00f6sterreichischen Landtags<\/p>\n<p>- Roswitha Bauer - Ober\u00f6sterreichische Landtagsabgeordnete<\/p>\n<p>- Dipl.-Ing. Ing. Ana Martincevic - \u00d6sterreichische Gewerkschaften, Linzer Stadtr\u00e4tin<\/p>\n<p>- Christine Lengauer - Vizepr\u00e4sidentin des Landesarbeitsamtes Ober\u00f6sterreich<\/p>\n<p>- MSc. Teresa Kope\u0107 - Pr\u00e4sidentin des Forums der polnischen Diaspora in \u00d6sterreich<\/p>\n<p>Um diese Kundgebung zu dokumentieren, waren die Motylewiczs von TV Polonia von morgens bis abends im Einsatz, um einen Bericht zu erstellen. Wir h\u00e4tten wahrscheinlich bis sp\u00e4t in die Nacht Spa\u00df, wenn nicht das Spiel gegen Tschechien die Gruppe unserer Nationalmannschaft verlassen w\u00fcrde. Und obwohl die Fans einen tollen Job machten, verlor Polen 0:1 gegen Tschechien<\/p>\n<p>An alle, die zu diesem tollen Event an der Donau beigetragen haben \u2013 vielen Dank!<\/p>\n<p>Wir sehen uns in einem Jahr<\/p>\n<p>Urszula Ciszewska<\/p>\n<div id='gallery-1' class='gallery galleryid-22848 gallery-columns-2 gallery-size-full'><figure class='gallery-item'>\n\t\t\t<div class='gallery-icon landscape'>\n\t\t\t\t<a href='https:\/\/poloniaoberoesterreich.com\/wp-content\/uploads\/2012\/06\/img_0818.jpg'><img decoding=\"async\" width=\"800\" height=\"531\" src=\"https:\/\/poloniaoberoesterreich.com\/wp-content\/uploads\/2012\/06\/img_0818.jpg\" class=\"attachment-full size-full\" alt=\"\" srcset=\"https:\/\/poloniaoberoesterreich.com\/wp-content\/uploads\/2012\/06\/img_0818.jpg 800w, https:\/\/poloniaoberoesterreich.com\/wp-content\/uploads\/2012\/06\/img_0818-300x199.jpg 300w, https:\/\/poloniaoberoesterreich.com\/wp-content\/uploads\/2012\/06\/img_0818-768x510.jpg 768w\" sizes=\"(max-width: 800px) 100vw, 800px\" \/><\/a>\n\t\t\t<\/div><\/figure><figure class='gallery-item'>\n\t\t\t<div class='gallery-icon landscape'>\n\t\t\t\t<a href='https:\/\/poloniaoberoesterreich.com\/wp-content\/uploads\/2012\/06\/img_0643.jpg'><img decoding=\"async\" width=\"800\" height=\"533\" src=\"https:\/\/poloniaoberoesterreich.com\/wp-content\/uploads\/2012\/06\/img_0643.jpg\" class=\"attachment-full size-full\" alt=\"\" srcset=\"https:\/\/poloniaoberoesterreich.com\/wp-content\/uploads\/2012\/06\/img_0643.jpg 800w, https:\/\/poloniaoberoesterreich.com\/wp-content\/uploads\/2012\/06\/img_0643-300x200.jpg 300w, https:\/\/poloniaoberoesterreich.com\/wp-content\/uploads\/2012\/06\/img_0643-768x512.jpg 768w\" sizes=\"(max-width: 800px) 100vw, 800px\" \/><\/a>\n\t\t\t<\/div><\/figure>\n\t\t<\/div>\n\n<p style=\"text-align: center;\"><strong>FOTOBEWERTUNG<\/strong><\/p>ngg_shortcode_0_platzhalter<p style=\"text-align: center;\"><strong>FOTOBEWERTUNG<\/strong><\/p>ngg_shortcode_1_platzhalter","protected":false},"excerpt":{"rendered":"<p>Vierte Polnische Rallye und Spiele in Ober\u00f6sterreich Festival an der Donau 16. Juni 2012<\/p>","protected":false},"author":5,"featured_media":25103,"comment_status":"closed","ping_status":"closed","sticky":false,"template":"","format":"standard","meta":{"_seopress_robots_primary_cat":"none","_seopress_titles_title":"","_seopress_titles_desc":"","_seopress_robots_index":"","ngg_post_thumbnail":0,"footnotes":""},"categories":[42,37],"tags":[],"class_list":{"0":"post-22848","1":"post","2":"type-post","3":"status-publish","4":"format-standard","5":"has-post-thumbnail","7":"category-2012-wydarzenia","8":"category-wydarzenia"},"_links":{"self":[{"href":"https:\/\/poloniaoberoesterreich.com\/de\/wp-json\/wp\/v2\/posts\/22848","targetHints":{"allow":["GET"]}}],"collection":[{"href":"https:\/\/poloniaoberoesterreich.com\/de\/wp-json\/wp\/v2\/posts"}],"about":[{"href":"https:\/\/poloniaoberoesterreich.com\/de\/wp-json\/wp\/v2\/types\/post"}],"author":[{"embeddable":true,"href":"https:\/\/poloniaoberoesterreich.com\/de\/wp-json\/wp\/v2\/users\/5"}],"replies":[{"embeddable":true,"href":"https:\/\/poloniaoberoesterreich.com\/de\/wp-json\/wp\/v2\/comments?post=22848"}],"version-history":[{"count":0,"href":"https:\/\/poloniaoberoesterreich.com\/de\/wp-json\/wp\/v2\/posts\/22848\/revisions"}],"wp:featuredmedia":[{"embeddable":true,"href":"https:\/\/poloniaoberoesterreich.com\/de\/wp-json\/wp\/v2\/media\/25103"}],"wp:attachment":[{"href":"https:\/\/poloniaoberoesterreich.com\/de\/wp-json\/wp\/v2\/media?parent=22848"}],"wp:term":[{"taxonomy":"category","embeddable":true,"href":"https:\/\/poloniaoberoesterreich.com\/de\/wp-json\/wp\/v2\/categories?post=22848"},{"taxonomy":"post_tag","embeddable":true,"href":"https:\/\/poloniaoberoesterreich.com\/de\/wp-json\/wp\/v2\/tags?post=22848"}],"curies":[{"name":"wp","href":"https:\/\/api.w.org\/{rel}","templated":true}]}}