{"id":22891,"date":"2013-08-01T12:59:17","date_gmt":"2013-08-01T10:59:17","guid":{"rendered":"https:\/\/poloniaoberoesterreich.com\/xxii-swiatowy-polonijny-sejmik-pkol\/bez-kategorii\/"},"modified":"2022-09-02T15:12:24","modified_gmt":"2022-09-02T13:12:24","slug":"xxii-swiatowy-polonia-sejmik-pkol","status":"publish","type":"post","link":"https:\/\/poloniaoberoesterreich.com\/de\/veranstaltungen-2\/xxii-swiatowy-polonia-sejmik-pkol\/","title":{"rendered":"XXII Polnischer Olympischer Sejmik PKOL"},"content":{"rendered":"<table border=\"0\" width=\"680\" cellspacing=\"0\" cellpadding=\"0\" align=\"center\">\n<tbody>\n<tr>\n<td align=\"left\" valign=\"middle\" width=\"180\"><a href=\"https:\/\/poloniaoberoesterreich.com\/wp-content\/uploads\/2013\/08\/12.jpg\"><img fetchpriority=\"high\" decoding=\"async\" class=\"aligncenter size-full wp-image-25387\" src=\"https:\/\/poloniaoberoesterreich.com\/wp-content\/uploads\/2013\/08\/12.jpg\" alt=\"\" width=\"800\" height=\"600\" srcset=\"https:\/\/poloniaoberoesterreich.com\/wp-content\/uploads\/2013\/08\/12.jpg 800w, https:\/\/poloniaoberoesterreich.com\/wp-content\/uploads\/2013\/08\/12-300x225.jpg 300w, https:\/\/poloniaoberoesterreich.com\/wp-content\/uploads\/2013\/08\/12-768x576.jpg 768w\" sizes=\"(max-width: 800px) 100vw, 800px\" \/><\/a><\/td>\n<td valign=\"middle\">\n<p align=\"center\"><strong>XXII Polnischer Olympischer Sejmik PKOL<br \/>\n<\/strong><\/p>\n<p align=\"center\"><strong>27.07-2.08.2013<\/strong><\/p>\n<\/td>\n<\/tr>\n<\/tbody>\n<\/table>\n<p><!--more-->Am Donnerstag (1. August) endete der Abend, am Samstag, dem 27. Juli, begann in Gi\u017cycko eine weitere, bereits 22. Polnische Versammlung des Polnischen Olympischen Komitees.<\/p>\n<p>Diesmal versammelten sich 82 Landsleute aus 17 L\u00e4ndern der ganzen Welt. Die Basis des Sejmik war das Olympiavorbereitungszentrum Gi\u017cycko des Zentralen Sportzentrums, das k\u00fcrzlich (endlich!) Eine hervorragende Trainingsbasis f\u00fcr viele Disziplinen hatte (\u00fcbrigens - jetzt ist es an der Zeit, \u00fcber die Aufwertung der Unterkunftsbasis nachzudenken.. .).<br \/>\nDie Sejmik-Sitzungen \u00e4hnelten denen fr\u00fcherer Treffen dieser Art. Wie \u00fcblich gab es auch Pr\u00e4sentationen verschiedener Formen der Aktivit\u00e4t der polnischen Diaspora, die sie zur F\u00f6rderung des polnischen Sports und der olympischen Bewegung im Allgemeinen durchf\u00fchren. Es ist eine Gelegenheit, Erfahrungen auszutauschen, und somit\u2026 zu sehen, wie \u201ees\u201c von anderen gemacht wird, und langfristig \u2013 eine Chance, jene Aktivit\u00e4ten, die anderswo Ergebnisse bringen, auf den eigenen Boden zu \u00fcbertragen.<br \/>\nDie Beh\u00f6rden der Woiwodschaft Ermland-Masuren, das Au\u00dfenministerium, die Stadt Gi\u017cycko (an der Spitze die tatkr\u00e4ftige B\u00fcrgermeisterin Jolanta Piotrowska), aber auch Pisz (B\u00fcrgermeister Jan Alicki), die masurische Stadt \u201eWrota Mazur\u201c (Gr\u00fc\u00dfe an ihre Leiter Janusz) trat aktiv der Organisation des Seymik Budny bei), des Polnischen Segelverbandes mit dem unsch\u00e4tzbaren Generalsekret\u00e4r Zbigniew Stosio und schlie\u00dflich - der gesch\u00e4tzten Delphia Yacht Company. Das machte das Programm des Aufenthalts von Landsleuten aus der ganzen Welt in Ermland und Masuren reich und zweifellos interessant. Es gab auch Sehensw\u00fcrdigkeiten der Region, aber auch das Interesse an den Informationen, die unter anderem den Besuchern geboten wurden, war sehr gro\u00df vom Generalsekret\u00e4r des Polnischen Olympischen Komitees, Adam Krzesi\u0144ski, Senator Andrzej Person, Vorsitzender des Ausschusses f\u00fcr Auswanderung und Verbindung mit Polen im Ausland des Senats der Republik Polen und Botschafter. DR. Witold Rybczy\u0144ski, langj\u00e4hriger Vorsitzender des Polnischen Olympischen Komitees.<br \/>\nVor Ort, im COS-Zentrum, wurde eine Ausstellung von Fotogrammen pr\u00e4sentiert, die an die polnischen Wettk\u00e4mpfe bei den letztj\u00e4hrigen Olympischen Spielen in London erinnert. Es gab Treffen mit dem polnischen IOC-Mitglied Irena Szewi\u0144ska, Vertretern des Vereins \u201ePolnische Gemeinschaft\u201c und Institutionen, die den polnischen Tourismus erforschen.<br \/>\nDazu kamen (wie immer) typische Sportelemente. Im Fu\u00dfballspiel erzielten die Teilnehmer des Sejmik gegen seine Organisatoren ein faires Unentschieden (3:3), aber noch mehr Interesse erregte die Segelregatta, die tats\u00e4chlich die 1. polnische Weltmeisterschaft in dieser Disziplin ist. Die Ehrenschirmherrschaft \u00fcber sie \u00fcbernahm der Pr\u00e4sident der Republik Polen \u2013 Bronis\u0142aw Komorowski. Er stiftete auch einen wundersch\u00f6nen Kristallpokal f\u00fcr die Siegermannschaft \u2013 das schwedische Team (Ostrowska, Ostrowska, Klimaszewski) stellte sich als das beste unter den zwanzig Startern heraus, aber auch Pokale und zahlreiche Sachpreise von den Mitorganisatoren des Sejmik am Donnerstagabend von Matrosen empfangen, die weitere Stellungen besetzen.<br \/>\nDen Landsleuten wurde f\u00fcr ihre Teilnahme am Sejmik gedankt und mit Komplimenten an die Gastgeber und Organisatoren erwidert. Der Charme des Ganzen wurde durch die \u00e4u\u00dferst nette, herzliche und sogar famili\u00e4re Atmosph\u00e4re erg\u00e4nzt, die alle Teilnehmer der Treffen in den \u201eToren der Masuren\u201c, \u201eWei\u00dfer Sturm\u201c, dem Gasthaus \u201eUnter dem schwarzen Schwan\u201c auf dem Schiff \u017begluga Mazurska begleitete und schlie\u00dflich - in der OPO COS selbst.<br \/>\nDie Sitzung des Seymik endete mit der Annahme einer Resolution, in der die Polen eine Reihe wichtiger Postulate formulierten, darunter an folgende Adressen: Au\u00dfenministerium, Polnisches Olympisches Komitee, Senat und Sejm. Wir werden sie bald vorstellen.<br \/>\nFast unmittelbar nach dem Sejmik machten sich die meisten Teilnehmer auf den Weg nach Kielce, wo am Samstag (3. August) die 16. Polonia-Sportspiele beginnen.<br \/>\n<i><br \/>\nQuelle<em>- www.olimpijski.pl\/ba\u015b<\/em><\/i><\/p>\n<div id='gallery-1' class='gallery galleryid-22891 gallery-columns-2 gallery-size-full'><figure class='gallery-item'>\n\t\t\t<div class='gallery-icon landscape'>\n\t\t\t\t<a href='https:\/\/poloniaoberoesterreich.com\/wp-content\/uploads\/2013\/08\/155.jpg'><img decoding=\"async\" width=\"800\" height=\"531\" src=\"https:\/\/poloniaoberoesterreich.com\/wp-content\/uploads\/2013\/08\/155.jpg\" class=\"attachment-full size-full\" alt=\"\" srcset=\"https:\/\/poloniaoberoesterreich.com\/wp-content\/uploads\/2013\/08\/155.jpg 800w, https:\/\/poloniaoberoesterreich.com\/wp-content\/uploads\/2013\/08\/155-300x199.jpg 300w, https:\/\/poloniaoberoesterreich.com\/wp-content\/uploads\/2013\/08\/155-768x510.jpg 768w\" sizes=\"(max-width: 800px) 100vw, 800px\" \/><\/a>\n\t\t\t<\/div><\/figure><figure class='gallery-item'>\n\t\t\t<div class='gallery-icon landscape'>\n\t\t\t\t<a href='https:\/\/poloniaoberoesterreich.com\/wp-content\/uploads\/2013\/08\/95.jpg'><img decoding=\"async\" width=\"800\" height=\"600\" src=\"https:\/\/poloniaoberoesterreich.com\/wp-content\/uploads\/2013\/08\/95.jpg\" class=\"attachment-full size-full\" alt=\"\" srcset=\"https:\/\/poloniaoberoesterreich.com\/wp-content\/uploads\/2013\/08\/95.jpg 800w, https:\/\/poloniaoberoesterreich.com\/wp-content\/uploads\/2013\/08\/95-300x225.jpg 300w, https:\/\/poloniaoberoesterreich.com\/wp-content\/uploads\/2013\/08\/95-768x576.jpg 768w\" sizes=\"(max-width: 800px) 100vw, 800px\" \/><\/a>\n\t\t\t<\/div><\/figure>\n\t\t<\/div>\n\n<p><strong>FOTOBEWERTUNG<\/strong><\/p>ngg_shortcode_0_platzhalter","protected":false},"excerpt":{"rendered":"<p>XXII Polnischer Olympischer Sejmik PKOL 27.07-2.08.2013<\/p>","protected":false},"author":5,"featured_media":25386,"comment_status":"closed","ping_status":"closed","sticky":false,"template":"","format":"standard","meta":{"_seopress_robots_primary_cat":"none","_seopress_titles_title":"","_seopress_titles_desc":"","_seopress_robots_index":"","ngg_post_thumbnail":0,"footnotes":""},"categories":[41,37],"tags":[],"class_list":{"0":"post-22891","1":"post","2":"type-post","3":"status-publish","4":"format-standard","5":"has-post-thumbnail","7":"category-2013-wydarzenia","8":"category-wydarzenia"},"_links":{"self":[{"href":"https:\/\/poloniaoberoesterreich.com\/de\/wp-json\/wp\/v2\/posts\/22891","targetHints":{"allow":["GET"]}}],"collection":[{"href":"https:\/\/poloniaoberoesterreich.com\/de\/wp-json\/wp\/v2\/posts"}],"about":[{"href":"https:\/\/poloniaoberoesterreich.com\/de\/wp-json\/wp\/v2\/types\/post"}],"author":[{"embeddable":true,"href":"https:\/\/poloniaoberoesterreich.com\/de\/wp-json\/wp\/v2\/users\/5"}],"replies":[{"embeddable":true,"href":"https:\/\/poloniaoberoesterreich.com\/de\/wp-json\/wp\/v2\/comments?post=22891"}],"version-history":[{"count":0,"href":"https:\/\/poloniaoberoesterreich.com\/de\/wp-json\/wp\/v2\/posts\/22891\/revisions"}],"wp:featuredmedia":[{"embeddable":true,"href":"https:\/\/poloniaoberoesterreich.com\/de\/wp-json\/wp\/v2\/media\/25386"}],"wp:attachment":[{"href":"https:\/\/poloniaoberoesterreich.com\/de\/wp-json\/wp\/v2\/media?parent=22891"}],"wp:term":[{"taxonomy":"category","embeddable":true,"href":"https:\/\/poloniaoberoesterreich.com\/de\/wp-json\/wp\/v2\/categories?post=22891"},{"taxonomy":"post_tag","embeddable":true,"href":"https:\/\/poloniaoberoesterreich.com\/de\/wp-json\/wp\/v2\/tags?post=22891"}],"curies":[{"name":"wp","href":"https:\/\/api.w.org\/{rel}","templated":true}]}}