{"id":22900,"date":"2013-12-05T17:45:54","date_gmt":"2013-12-05T16:45:54","guid":{"rendered":"https:\/\/poloniaoberoesterreich.com\/bal-andrzejkowy-2013\/bez-kategorii\/"},"modified":"2022-09-02T15:13:39","modified_gmt":"2022-09-02T13:13:39","slug":"ball-andrzejkowy-2013","status":"publish","type":"post","link":"https:\/\/poloniaoberoesterreich.com\/de\/veranstaltungen-2\/ball-andrzejkowy-2013\/","title":{"rendered":"6. Andreasball der Polnischen Gemeinde in Ober\u00f6sterreich"},"content":{"rendered":"<table border=\"0\" width=\"680\" cellspacing=\"0\" cellpadding=\"0\" align=\"center\">\n<tbody>\n<tr>\n<td align=\"left\" valign=\"middle\" width=\"180\"><a href=\"https:\/\/poloniaoberoesterreich.com\/wp-content\/uploads\/2013\/12\/Andrzejki-2013-cz.2-265.jpg\"><img fetchpriority=\"high\" decoding=\"async\" class=\"aligncenter size-full wp-image-25428\" src=\"https:\/\/poloniaoberoesterreich.com\/wp-content\/uploads\/2013\/12\/Andrzejki-2013-cz.2-265.jpg\" alt=\"\" width=\"958\" height=\"639\" srcset=\"https:\/\/poloniaoberoesterreich.com\/wp-content\/uploads\/2013\/12\/Andrzejki-2013-cz.2-265.jpg 958w, https:\/\/poloniaoberoesterreich.com\/wp-content\/uploads\/2013\/12\/Andrzejki-2013-cz.2-265-300x200.jpg 300w, https:\/\/poloniaoberoesterreich.com\/wp-content\/uploads\/2013\/12\/Andrzejki-2013-cz.2-265-768x512.jpg 768w\" sizes=\"(max-width: 958px) 100vw, 958px\" \/><\/a><\/td>\n<td valign=\"middle\">\n<p align=\"center\"><strong>6. Andreasball der Polnischen Gemeinde in Ober\u00f6sterreich<br \/>\n<\/strong><\/p>\n<p align=\"center\"><strong>30. November 2013<br \/>\n<\/strong><\/p>\n<\/td>\n<\/tr>\n<\/tbody>\n<\/table>\n<p><!--more-->Der Andreasball in Linz ist bereits in die Tradition der polnischen Diaspora eingetreten, der diesj\u00e4hrige VI. Ball ist ein Rekord, \u00fcber 200 Menschen genossen den Ball. Wenn das so weitergeht, ist er der CEO von WPwGA <strong>Julian Gaborek<\/strong> m\u00fcssen einen Platz im Stadion anmieten, um alle willigen Spieler unterzubringen. Aber Spa\u00df beiseite ... Polonia wird nicht nur durch den symbolischen Eintrittspreis angezogen, der den Verzehr von k\u00f6stlichen Salaten und Wurstwaren, Obst und Kuchen, serviert in Form eines Buffets, und eine Live-Auff\u00fchrung gro\u00dfartiger polnischer Musiker beinhaltet, sondern auch vor allem die Kultur der G\u00e4ste, der Spa\u00df ist auf hohem Niveau. Eine interessante Tatsache ist auch das Fehlen von Gentlemen Bodyguards (ist mir nicht aufgefallen). Obwohl Alkohol in unbegrenzter Menge zur Verf\u00fcgung steht, gibt es keine Probleme und Interventionen bei Veranstaltungen der Polnischen Gemeinde in Ober\u00f6sterreich. Es ist sicherlich nicht einfach, einen Ball f\u00fcr 200 Personen vorzubereiten, Gemeindeaktivisten sind daran beteiligt und widmen ihre private Zeit und Energie. An dieser Stelle m\u00f6chte ich mich beim gesamten Team bedanken, insbesondere bei Ihrer Dame&nbsp;<b>Barbara Wr\u00f3blewska-G\u0142owacka <\/b>und &nbsp;<strong>Isabela Grabowski<\/strong>, Studenten, die &quot;Kellner&quot; waren und Damen, die Tischdekorationen und leckere Kuchen zubereiteten. <strong>Julian Gaborek<\/strong> mit meinem Ehepartner <strong>Ania<\/strong> Er begr\u00fc\u00dfte die G\u00e4ste sehr gastfreundlich - Damen bekamen Rosen und ein Glas Champagner, Herren - ein Glas Champagner, einen H\u00e4ndedruck und ein wundersch\u00f6nes L\u00e4cheln von Ania Gaborek. Was f\u00fcr Gastgeber - solche und G\u00e4ste, das ist Klasse und Stil. Ich war wahrscheinlich die einzige Person, die sich nicht \u201eh\u00f6flich\u201c verhalten hat und die Kamera \u00fcberall herumgeschoben hat, aber ich wurde nachsichtig behandelt, dank derer ich es geschafft habe, \u201eLove\u201c in der Linse festzuhalten. Sp\u00e4ter hatte ich zu Hause beim \u201eFotos bearbeiten\u201c Gelegenheit, mir die fotografierten Personen genauer anzusehen. Sehen, ein Blitz, eine Hand, die einen Partner umarmt, ein falsches L\u00e4cheln ... sie erscheinen oft auf diesen Fotografien. Es ist sehr erfreulich, zumal diese Menschen unterschiedlichen Alters sind, ein weiterer Beweis daf\u00fcr, dass Liebe keine Grenzen und kein Alter kennt.<\/p>\n<p>Die Auswahl war sehr beliebt <strong>Miss Ballk\u00f6nigin 2013<\/strong>an dem 18 M\u00e4dchen teilnahmen. Sieger wurde Michaela Pekowa, den zweiten Platz belegte Ewelina Panasiuk und den dritten Platz belegte Ma\u0142gorzata Solarczyk.<br \/>\nNat\u00fcrlich wurde Andrews Geburtstag nicht vergessen, sie waren zu dritt, und jeder von ihnen erhielt ein Geschenk von Pr\u00e4sident J. Gaborek und ein sehr lautes STO LAT, das sogar von einer Gruppe Slowaken gesungen wurde, die Spa\u00df am Ball hatten.<br \/>\nDer Tradition entsprechend erw\u00e4hne ich auch den aus Wien stammenden Maler, Mylady <strong>Eliza Hasanbegovi\u0107<\/strong>, die \u00fcber 20 Gem\u00e4lde mitbrachte, so entstand die One Day Gallery an den W\u00e4nden des Ballsaals. Der K\u00fcnstler nahm die Gl\u00fcckw\u00fcnsche vieler Menschen entgegen und w\u00fcnschte weitere Zufriedenheit beim Schaffen.<br \/>\nDie G\u00e4ste hatten vor allem deswegen viel Spa\u00df <strong>Vom \u201eAxel\u201c-Team<\/strong>der mit polnischen und Welthits alle zum Tanzen animierte. Und jetzt lade ich Sie in die Galerie der Fotos ein, die auf dem Ball aufgenommen wurden, und im Namen des Pr\u00e4sidenten Julian Gaborek lade ich Sie ein, Pl\u00e4tze f\u00fcr die n\u00e4chsten B\u00e4lle zu reservieren, und es wird der Silvester- und Faschingsball sein (da war ich dabei Jahr) und ich empfehle es mit gutem Gewissen weiter.<\/p>\n<p>Barbara Kalczy\u0144ska<\/p>\n<div id='gallery-1' class='gallery galleryid-22900 gallery-columns-2 gallery-size-full'><figure class='gallery-item'>\n\t\t\t<div class='gallery-icon landscape'>\n\t\t\t\t<a href='https:\/\/poloniaoberoesterreich.com\/wp-content\/uploads\/2013\/12\/Andrzejki-2013-cz.2-023.jpg'><img decoding=\"async\" width=\"958\" height=\"639\" src=\"https:\/\/poloniaoberoesterreich.com\/wp-content\/uploads\/2013\/12\/Andrzejki-2013-cz.2-023.jpg\" class=\"attachment-full size-full\" alt=\"\" srcset=\"https:\/\/poloniaoberoesterreich.com\/wp-content\/uploads\/2013\/12\/Andrzejki-2013-cz.2-023.jpg 958w, https:\/\/poloniaoberoesterreich.com\/wp-content\/uploads\/2013\/12\/Andrzejki-2013-cz.2-023-300x200.jpg 300w, https:\/\/poloniaoberoesterreich.com\/wp-content\/uploads\/2013\/12\/Andrzejki-2013-cz.2-023-768x512.jpg 768w\" sizes=\"(max-width: 958px) 100vw, 958px\" \/><\/a>\n\t\t\t<\/div><\/figure><figure class='gallery-item'>\n\t\t\t<div class='gallery-icon landscape'>\n\t\t\t\t<a href='https:\/\/poloniaoberoesterreich.com\/wp-content\/uploads\/2013\/12\/Andrzejki-2013-cz.2-176.jpg'><img decoding=\"async\" width=\"958\" height=\"639\" src=\"https:\/\/poloniaoberoesterreich.com\/wp-content\/uploads\/2013\/12\/Andrzejki-2013-cz.2-176.jpg\" class=\"attachment-full size-full\" alt=\"\" srcset=\"https:\/\/poloniaoberoesterreich.com\/wp-content\/uploads\/2013\/12\/Andrzejki-2013-cz.2-176.jpg 958w, https:\/\/poloniaoberoesterreich.com\/wp-content\/uploads\/2013\/12\/Andrzejki-2013-cz.2-176-300x200.jpg 300w, https:\/\/poloniaoberoesterreich.com\/wp-content\/uploads\/2013\/12\/Andrzejki-2013-cz.2-176-768x512.jpg 768w\" sizes=\"(max-width: 958px) 100vw, 958px\" \/><\/a>\n\t\t\t<\/div><\/figure>\n\t\t<\/div>\n\n<p><strong>FOTOBEWERTUNG<\/strong><\/p>ngg_shortcode_0_platzhalter","protected":false},"excerpt":{"rendered":"<p>6. Andreasball der polnischen Diaspora in Ober\u00f6sterreich am 30. November 2013<\/p>","protected":false},"author":5,"featured_media":25427,"comment_status":"closed","ping_status":"closed","sticky":false,"template":"","format":"standard","meta":{"_seopress_robots_primary_cat":"none","_seopress_titles_title":"","_seopress_titles_desc":"","_seopress_robots_index":"","ngg_post_thumbnail":0,"footnotes":""},"categories":[41,37],"tags":[],"class_list":{"0":"post-22900","1":"post","2":"type-post","3":"status-publish","4":"format-standard","5":"has-post-thumbnail","7":"category-2013-wydarzenia","8":"category-wydarzenia"},"_links":{"self":[{"href":"https:\/\/poloniaoberoesterreich.com\/de\/wp-json\/wp\/v2\/posts\/22900","targetHints":{"allow":["GET"]}}],"collection":[{"href":"https:\/\/poloniaoberoesterreich.com\/de\/wp-json\/wp\/v2\/posts"}],"about":[{"href":"https:\/\/poloniaoberoesterreich.com\/de\/wp-json\/wp\/v2\/types\/post"}],"author":[{"embeddable":true,"href":"https:\/\/poloniaoberoesterreich.com\/de\/wp-json\/wp\/v2\/users\/5"}],"replies":[{"embeddable":true,"href":"https:\/\/poloniaoberoesterreich.com\/de\/wp-json\/wp\/v2\/comments?post=22900"}],"version-history":[{"count":0,"href":"https:\/\/poloniaoberoesterreich.com\/de\/wp-json\/wp\/v2\/posts\/22900\/revisions"}],"wp:featuredmedia":[{"embeddable":true,"href":"https:\/\/poloniaoberoesterreich.com\/de\/wp-json\/wp\/v2\/media\/25427"}],"wp:attachment":[{"href":"https:\/\/poloniaoberoesterreich.com\/de\/wp-json\/wp\/v2\/media?parent=22900"}],"wp:term":[{"taxonomy":"category","embeddable":true,"href":"https:\/\/poloniaoberoesterreich.com\/de\/wp-json\/wp\/v2\/categories?post=22900"},{"taxonomy":"post_tag","embeddable":true,"href":"https:\/\/poloniaoberoesterreich.com\/de\/wp-json\/wp\/v2\/tags?post=22900"}],"curies":[{"name":"wp","href":"https:\/\/api.w.org\/{rel}","templated":true}]}}