{"id":22921,"date":"2014-06-14T11:48:44","date_gmt":"2014-06-14T09:48:44","guid":{"rendered":"https:\/\/poloniaoberoesterreich.com\/zlot-i-igrzyska-2014\/bez-kategorii\/"},"modified":"2022-09-06T09:25:25","modified_gmt":"2022-09-06T07:25:25","slug":"rallye-und-spiele-2014","status":"publish","type":"post","link":"https:\/\/poloniaoberoesterreich.com\/de\/veranstaltungen-2\/rallye-und-spiele-2014\/","title":{"rendered":"VI Polnische Diaspora-Rallye in Ober\u00f6sterreich"},"content":{"rendered":"<table border=\"0\" width=\"680\" cellspacing=\"0\" cellpadding=\"0\" align=\"center\">\n<tbody>\n<tr>\n<td align=\"left\" valign=\"middle\" width=\"180\"><img fetchpriority=\"high\" decoding=\"async\" class=\"aligncenter wp-image-25569 size-full\" src=\"https:\/\/poloniaoberoesterreich.com\/wp-content\/uploads\/2014\/06\/DSC_0065.jpg\" alt=\"\" width=\"800\" height=\"530\" srcset=\"https:\/\/poloniaoberoesterreich.com\/wp-content\/uploads\/2014\/06\/DSC_0065.jpg 800w, https:\/\/poloniaoberoesterreich.com\/wp-content\/uploads\/2014\/06\/DSC_0065-300x199.jpg 300w, https:\/\/poloniaoberoesterreich.com\/wp-content\/uploads\/2014\/06\/DSC_0065-768x509.jpg 768w\" sizes=\"(max-width: 800px) 100vw, 800px\" \/><\/td>\n<td valign=\"middle\">\n<p align=\"center\"><strong>VI Polnische Diaspora-Rallye in Ober\u00f6sterreich<br \/>\n<\/strong><\/p>\n<p align=\"center\"><strong>14. Juni 2014<\/strong><\/p>\n<\/td>\n<\/tr>\n<\/tbody>\n<\/table>\n<p><!--more-->Am Samstag, 14. Juni, wurde das allj\u00e4hrliche polnische Diaspora-Treffen von der Gemeinschaft der Polen in Ober\u00f6sterreich organisiert. Anl\u00e4sslich des 10. Jahrestages des Beitritts Polens zur Europ\u00e4ischen Union wurde die \u201eVI. Kundgebung der Ersten Polnischen Spiele in Ober\u00f6sterreich\u201c organisiert.<\/p>\n<p>Das Wetter war ein sch\u00f6nes Geschenk der Natur, was an diesem Tag sowohl den Organisatoren als auch den G\u00e4sten gut tat. Bei w\u00e4rmendem Sonnenschein und angenehmen Windb\u00f6en im Sportzentrum \u201eASKO Steg\u201c in Linz konnten die Teilnehmer (auch Kinder) im ersten Teil des Tages an sportlichen Wettk\u00e4mpfen und dem Fu\u00dfballturnier des O\u00d6 Cup teilnehmen. 10 Fu\u00dfballmannschaften (einschlie\u00dflich polnischer Diaspora aus den Nachbarl\u00e4ndern) traten gegeneinander um den Sieg an. Es ist bekannt, dass dort, wo Sport ist, auch Emotionen sind. Und davon waren an diesem Tag reichlich auf dem Platz, denn das Ziel der spielenden Mannschaften war der Gewinn des Ober\u00f6sterreichpokals.<\/p>\n<p>Im Laufe der Zeit \u00e4nderte sich die sportliche Atmosph\u00e4re der Veranstaltung und der Nachmittagsteil der Veranstaltung begann mit der offiziellen Er\u00f6ffnung der Rallye und der Begr\u00fc\u00dfung der G\u00e4ste durch den Pr\u00e4sidenten der WPwGA Julian Gaborek: Gertraud Jahn, GA Sejm-Abgeordnete, Stadt Linz Stadtr\u00e4tin Maria Mayr, Linzer Stadtrat Franz Leindenm\u00fchler, Leiter Integrationsreferat im GA, Frau Renate M\u00fcller, Gewerkschaftspr\u00e4sidentin GA Johann Kalliauer, Pr\u00e4sident aASKO Steg Linz Walter Hartl, Konsul der Polnischen Botschaft in Wien, Herr Kazimierz Fordon , die kurze Begr\u00fc\u00dfungsansprachen hielten.<\/p>\n<p>Ein sehr ber\u00fchrender Akzent war die Darbietung der polnischen und \u00f6sterreichischen Hymnen.<\/p>\n<p>Anschlie\u00dfend gab es eine sehr feierliche Ehrung der Sieger des 6. Ober\u00f6sterreichischen Fu\u00dfballturniers, bei dem Polonia FC Wien gewann.<\/p>\n<p>Ein weiterer Punkt der Rallye ist das reichhaltige k\u00fcnstlerische Angebot, das durch die Auftritte der Bands aufgewertet wird: Lied- und Tanzensemble Altenberg aus \u00d6sterreich und der Kapela \u201eMa\u0142a Ziemia Suska\u201c aus Polen. Ein sehr sch\u00f6ner Akzent war die Pr\u00e4sentation der Kindergruppe &quot;Oberek&quot; unter der Leitung der Damen: Mag. Jolanta D\u0119bicka und Mag. Zofia Petryk, die in der Gemeinschaft t\u00e4tig ist.<\/p>\n<p>W\u00e4hrend der Veranstaltung herrschte eine gro\u00dfartige Atmosph\u00e4re, in der Erwachsene und Kinder gemeinsam Spa\u00df haben konnten. Den j\u00fcngsten Teilnehmern des Treffens standen Sportspiele und Spa\u00df zur Verf\u00fcgung, eine 5-Meter-H\u00fcpfburg und die M\u00f6glichkeit, sich fr\u00f6hlich zu schminken, erwiesen sich als gro\u00dfe Attraktion.<\/p>\n<p>F\u00fcr viel Spa\u00df sorgte der Wettbewerb Miss Polonia Summer 2014, an dem 8 M\u00e4dchen unterschiedlichen Alters teilnahmen, und das Publikum verlieh Barbara Wr\u00f3blewska-G\u0142owacka diesen ehrenvollen Titel. Der Hauptpreis ist ein 5-t\u00e4giger Aufenthalt mit einer Begleitperson im Hotel \u201eOrze\u0142 Bia\u0142y\u201c in Szczyrk, gestiftet vom Direktor Wojciech Kufel.<\/p>\n<p>Die typisch polnische Festtagsatmosph\u00e4re wurde durch die M\u00f6glichkeit erg\u00e4nzt, gegrillte K\u00f6stlichkeiten und k\u00fchle Getr\u00e4nke vom lokalen Buffet zu genie\u00dfen. Volkst\u00fcmliche Tanzlieder, vorgetragen von Herrn Krzysztof Czuba, luden die Teilnehmer ein, auf dem gr\u00fcnen Rasen zu tanzen. W\u00e4hrend der Veranstaltung war immer etwas los, ob auf der B\u00fchne oder vor der B\u00fchne \u2013 von Langeweile war keine Rede. Es war ein Tag voller sch\u00f6ner Eindr\u00fccke f\u00fcr mich und viel Spa\u00df f\u00fcr meine Kinder.<\/p>\n<p>Ed. K\u00f6nig der Jedynastie<\/p>\n<div id='gallery-1' class='gallery galleryid-22921 gallery-columns-2 gallery-size-full'><figure class='gallery-item'>\n\t\t\t<div class='gallery-icon landscape'>\n\t\t\t\t<img decoding=\"async\" width=\"800\" height=\"530\" src=\"https:\/\/poloniaoberoesterreich.com\/wp-content\/uploads\/2014\/06\/DSC_0663.jpg\" class=\"attachment-full size-full\" alt=\"\" srcset=\"https:\/\/poloniaoberoesterreich.com\/wp-content\/uploads\/2014\/06\/DSC_0663.jpg 800w, https:\/\/poloniaoberoesterreich.com\/wp-content\/uploads\/2014\/06\/DSC_0663-300x199.jpg 300w, https:\/\/poloniaoberoesterreich.com\/wp-content\/uploads\/2014\/06\/DSC_0663-768x509.jpg 768w\" sizes=\"(max-width: 800px) 100vw, 800px\" \/>\n\t\t\t<\/div><\/figure><figure class='gallery-item'>\n\t\t\t<div class='gallery-icon landscape'>\n\t\t\t\t<img decoding=\"async\" width=\"800\" height=\"530\" src=\"https:\/\/poloniaoberoesterreich.com\/wp-content\/uploads\/2014\/06\/DSC_0122.jpg\" class=\"attachment-full size-full\" alt=\"\" srcset=\"https:\/\/poloniaoberoesterreich.com\/wp-content\/uploads\/2014\/06\/DSC_0122.jpg 800w, https:\/\/poloniaoberoesterreich.com\/wp-content\/uploads\/2014\/06\/DSC_0122-300x199.jpg 300w, https:\/\/poloniaoberoesterreich.com\/wp-content\/uploads\/2014\/06\/DSC_0122-768x509.jpg 768w\" sizes=\"(max-width: 800px) 100vw, 800px\" \/>\n\t\t\t<\/div><\/figure>\n\t\t<\/div>\n\n<p><strong>FOTOBEWERTUNG<\/strong><\/p>ngg_shortcode_0_platzhalter","protected":false},"excerpt":{"rendered":"<p>VI Polnische Diaspora-Rallye in Ober\u00f6sterreich am 14. Juni 2014<\/p>","protected":false},"author":5,"featured_media":25568,"comment_status":"closed","ping_status":"closed","sticky":false,"template":"","format":"standard","meta":{"_seopress_robots_primary_cat":"none","_seopress_titles_title":"","_seopress_titles_desc":"","_seopress_robots_index":"","ngg_post_thumbnail":0,"footnotes":""},"categories":[40,37],"tags":[],"class_list":{"0":"post-22921","1":"post","2":"type-post","3":"status-publish","4":"format-standard","5":"has-post-thumbnail","7":"category-2014-wydarzenia","8":"category-wydarzenia"},"_links":{"self":[{"href":"https:\/\/poloniaoberoesterreich.com\/de\/wp-json\/wp\/v2\/posts\/22921","targetHints":{"allow":["GET"]}}],"collection":[{"href":"https:\/\/poloniaoberoesterreich.com\/de\/wp-json\/wp\/v2\/posts"}],"about":[{"href":"https:\/\/poloniaoberoesterreich.com\/de\/wp-json\/wp\/v2\/types\/post"}],"author":[{"embeddable":true,"href":"https:\/\/poloniaoberoesterreich.com\/de\/wp-json\/wp\/v2\/users\/5"}],"replies":[{"embeddable":true,"href":"https:\/\/poloniaoberoesterreich.com\/de\/wp-json\/wp\/v2\/comments?post=22921"}],"version-history":[{"count":0,"href":"https:\/\/poloniaoberoesterreich.com\/de\/wp-json\/wp\/v2\/posts\/22921\/revisions"}],"wp:featuredmedia":[{"embeddable":true,"href":"https:\/\/poloniaoberoesterreich.com\/de\/wp-json\/wp\/v2\/media\/25568"}],"wp:attachment":[{"href":"https:\/\/poloniaoberoesterreich.com\/de\/wp-json\/wp\/v2\/media?parent=22921"}],"wp:term":[{"taxonomy":"category","embeddable":true,"href":"https:\/\/poloniaoberoesterreich.com\/de\/wp-json\/wp\/v2\/categories?post=22921"},{"taxonomy":"post_tag","embeddable":true,"href":"https:\/\/poloniaoberoesterreich.com\/de\/wp-json\/wp\/v2\/tags?post=22921"}],"curies":[{"name":"wp","href":"https:\/\/api.w.org\/{rel}","templated":true}]}}