{"id":22935,"date":"2015-02-14T13:48:47","date_gmt":"2015-02-14T12:48:47","guid":{"rendered":"https:\/\/poloniaoberoesterreich.com\/vii-bal-karnawalowy-polonii-w-gornej-austrii-2015\/bez-kategorii\/"},"modified":"2022-09-02T15:29:53","modified_gmt":"2022-09-02T13:29:53","slug":"vii-faschingsball-polonia-in-oberosterreich-2015","status":"publish","type":"post","link":"https:\/\/poloniaoberoesterreich.com\/de\/veranstaltungen-2\/vii-faschingsball-polonia-in-oberosterreich-2015\/","title":{"rendered":"VII Faschingsball der Polnischen Gemeinde in Ober\u00f6sterreich"},"content":{"rendered":"<table border=\"0\" width=\"680\" cellspacing=\"0\" cellpadding=\"0\" align=\"center\">\n<tbody>\n<tr>\n<td align=\"left\" valign=\"middle\" width=\"180\"><a href=\"https:\/\/poloniaoberoesterreich.com\/wp-content\/uploads\/2015\/02\/DSC_0545.jpg\"><img fetchpriority=\"high\" decoding=\"async\" class=\"aligncenter size-full wp-image-25661\" src=\"https:\/\/poloniaoberoesterreich.com\/wp-content\/uploads\/2015\/02\/DSC_0545.jpg\" alt=\"\" width=\"800\" height=\"533\" srcset=\"https:\/\/poloniaoberoesterreich.com\/wp-content\/uploads\/2015\/02\/DSC_0545.jpg 800w, https:\/\/poloniaoberoesterreich.com\/wp-content\/uploads\/2015\/02\/DSC_0545-300x200.jpg 300w, https:\/\/poloniaoberoesterreich.com\/wp-content\/uploads\/2015\/02\/DSC_0545-768x512.jpg 768w\" sizes=\"(max-width: 800px) 100vw, 800px\" \/><\/a><\/td>\n<td valign=\"middle\">\n<p align=\"center\"><strong>VII Faschingsball der Polnischen Gemeinde in Ober\u00f6sterreich<br \/>\n<\/strong><\/p>\n<p align=\"center\"><strong>14. Februar 2015<\/strong><\/p>\n<\/td>\n<\/tr>\n<\/tbody>\n<\/table>\n<p><!--more--><\/p>\n<p>Der Faschingsball war dieses Jahr genau am Valentinstag, also ein doppelter Anlass zum Feiern und Spa\u00df haben. Wie es sich f\u00fcr eine Kost\u00fcmparty geh\u00f6rt, erschienen viele verkleidete Menschen.<br \/>\nZu den mitrei\u00dfenden Rhythmen der Band \"Axel\" verabschieden wir uns von der Karnevalszeit. W\u00e4hrend des Balls, bei Tanz und Spa\u00df, wurden in einem Wettbewerb drei Kost\u00fcme ausgew\u00e4hlt: Das Vampirbrautpaar Teresa und Adam belegte den ersten Platz, das junge Paar Wiola und Andi in M\u00fchlviertler Tracht und der Fu\u00dfballer Wojtek den dritten Platz. Ein besonderer Gast des Balles war Mag. Margaret Bahr, die ihre Bilder pr\u00e4sentierte, sowie der Leiter der GOCC-Zentrale in \u00d6sterreich, Andrzej Kempa.<br \/>\nDie im Tanz verlorene Energie konnte bei einem leckeren Buffet wieder aufgeholt werden, und die Organisatoren gaben ihr Bestes, damit sich alle so gut wie m\u00f6glich f\u00fchlten. Das k\u00f6nnen Sie anhand von Fotos dieser sehr gelungenen Veranstaltung mit vielen Attraktionen herausfinden!<br \/>\nWir m\u00f6chten uns bei allen bedanken, die den diesj\u00e4hrigen Ball in einer sehr angenehmen Atmosph\u00e4re bestanden haben.<br \/>\nEd. Margaret Bahr<br \/>\n&gt;&gt;&gt; Fotos: Edyta Buc<\/p>\n<div id='gallery-1' class='gallery galleryid-22935 gallery-columns-2 gallery-size-full'><figure class='gallery-item'>\n\t\t\t<div class='gallery-icon landscape'>\n\t\t\t\t<a href='https:\/\/poloniaoberoesterreich.com\/wp-content\/uploads\/2015\/02\/DSC_0605.jpg'><img decoding=\"async\" width=\"800\" height=\"533\" src=\"https:\/\/poloniaoberoesterreich.com\/wp-content\/uploads\/2015\/02\/DSC_0605.jpg\" class=\"attachment-full size-full\" alt=\"\" srcset=\"https:\/\/poloniaoberoesterreich.com\/wp-content\/uploads\/2015\/02\/DSC_0605.jpg 800w, https:\/\/poloniaoberoesterreich.com\/wp-content\/uploads\/2015\/02\/DSC_0605-300x200.jpg 300w, https:\/\/poloniaoberoesterreich.com\/wp-content\/uploads\/2015\/02\/DSC_0605-768x512.jpg 768w\" sizes=\"(max-width: 800px) 100vw, 800px\" \/><\/a>\n\t\t\t<\/div><\/figure><figure class='gallery-item'>\n\t\t\t<div class='gallery-icon landscape'>\n\t\t\t\t<a href='https:\/\/poloniaoberoesterreich.com\/wp-content\/uploads\/2015\/02\/DSC_0049.jpg'><img decoding=\"async\" width=\"800\" height=\"533\" src=\"https:\/\/poloniaoberoesterreich.com\/wp-content\/uploads\/2015\/02\/DSC_0049.jpg\" class=\"attachment-full size-full\" alt=\"\" srcset=\"https:\/\/poloniaoberoesterreich.com\/wp-content\/uploads\/2015\/02\/DSC_0049.jpg 800w, https:\/\/poloniaoberoesterreich.com\/wp-content\/uploads\/2015\/02\/DSC_0049-300x200.jpg 300w, https:\/\/poloniaoberoesterreich.com\/wp-content\/uploads\/2015\/02\/DSC_0049-768x512.jpg 768w\" sizes=\"(max-width: 800px) 100vw, 800px\" \/><\/a>\n\t\t\t<\/div><\/figure>\n\t\t<\/div>\n\n<p><strong>FOTOBEWERTUNG<\/strong><\/p>ngg_shortcode_0_platzhalter","protected":false},"excerpt":{"rendered":"<p>VII Faschingsball der polnischen Diaspora in Ober\u00f6sterreich, 14. Februar 2015<\/p>","protected":false},"author":5,"featured_media":25660,"comment_status":"closed","ping_status":"closed","sticky":false,"template":"","format":"standard","meta":{"_seopress_robots_primary_cat":"none","_seopress_titles_title":"","_seopress_titles_desc":"","_seopress_robots_index":"","ngg_post_thumbnail":0,"footnotes":""},"categories":[39,37],"tags":[],"class_list":{"0":"post-22935","1":"post","2":"type-post","3":"status-publish","4":"format-standard","5":"has-post-thumbnail","7":"category-2015-wydarzenia","8":"category-wydarzenia"},"_links":{"self":[{"href":"https:\/\/poloniaoberoesterreich.com\/de\/wp-json\/wp\/v2\/posts\/22935","targetHints":{"allow":["GET"]}}],"collection":[{"href":"https:\/\/poloniaoberoesterreich.com\/de\/wp-json\/wp\/v2\/posts"}],"about":[{"href":"https:\/\/poloniaoberoesterreich.com\/de\/wp-json\/wp\/v2\/types\/post"}],"author":[{"embeddable":true,"href":"https:\/\/poloniaoberoesterreich.com\/de\/wp-json\/wp\/v2\/users\/5"}],"replies":[{"embeddable":true,"href":"https:\/\/poloniaoberoesterreich.com\/de\/wp-json\/wp\/v2\/comments?post=22935"}],"version-history":[{"count":0,"href":"https:\/\/poloniaoberoesterreich.com\/de\/wp-json\/wp\/v2\/posts\/22935\/revisions"}],"wp:featuredmedia":[{"embeddable":true,"href":"https:\/\/poloniaoberoesterreich.com\/de\/wp-json\/wp\/v2\/media\/25660"}],"wp:attachment":[{"href":"https:\/\/poloniaoberoesterreich.com\/de\/wp-json\/wp\/v2\/media?parent=22935"}],"wp:term":[{"taxonomy":"category","embeddable":true,"href":"https:\/\/poloniaoberoesterreich.com\/de\/wp-json\/wp\/v2\/categories?post=22935"},{"taxonomy":"post_tag","embeddable":true,"href":"https:\/\/poloniaoberoesterreich.com\/de\/wp-json\/wp\/v2\/tags?post=22935"}],"curies":[{"name":"wp","href":"https:\/\/api.w.org\/{rel}","templated":true}]}}