{"id":22962,"date":"2015-11-30T17:12:17","date_gmt":"2015-11-30T16:12:17","guid":{"rendered":"https:\/\/poloniaoberoesterreich.com\/viii-bal-andrzejkowy-polonii-w-gornej-austrii\/bez-kategorii\/"},"modified":"2022-09-06T09:31:24","modified_gmt":"2022-09-06T07:31:24","slug":"viii-bal-andrzejkowy-polonia-in-oberosterreich","status":"publish","type":"post","link":"https:\/\/poloniaoberoesterreich.com\/de\/veranstaltungen-2\/viii-bal-andrzejkowy-polonia-in-oberosterreich\/","title":{"rendered":"VIII. Andreasball der polnischen Diaspora in Ober\u00f6sterreich"},"content":{"rendered":"<table border=\"0\" width=\"680\" cellspacing=\"0\" cellpadding=\"0\" align=\"center\">\n<tbody>\n<tr>\n<td align=\"left\" valign=\"middle\" width=\"180\"><img fetchpriority=\"high\" decoding=\"async\" class=\"aligncenter wp-image-25728 size-full\" src=\"https:\/\/poloniaoberoesterreich.com\/wp-content\/uploads\/2015\/11\/DSC_0410.jpg\" alt=\"\" width=\"800\" height=\"533\" srcset=\"https:\/\/poloniaoberoesterreich.com\/wp-content\/uploads\/2015\/11\/DSC_0410.jpg 800w, https:\/\/poloniaoberoesterreich.com\/wp-content\/uploads\/2015\/11\/DSC_0410-300x200.jpg 300w, https:\/\/poloniaoberoesterreich.com\/wp-content\/uploads\/2015\/11\/DSC_0410-768x512.jpg 768w\" sizes=\"(max-width: 800px) 100vw, 800px\" \/><\/td>\n<td valign=\"middle\">\n<p align=\"center\"><strong>VIII. Andreasball der polnischen Diaspora in Ober\u00f6sterreich<br \/>\n<\/strong><\/p>\n<p align=\"center\"><strong>21. November 2015<\/strong><\/p>\n<\/td>\n<\/tr>\n<\/tbody>\n<\/table>\n<p><!--more--><\/p>\n<p>Linz - eine malerische, sch\u00f6ne Stadt in Ober\u00f6sterreich, gelegen an der Schnellstra\u00dfe nach Salzburg und Wien. Jedes Jahr finden hier verschiedene Veranstaltungen der polnischen Diaspora statt, darunter Polonia-B\u00e4lle. Vieles davon ist Julian Gaborek, Pr\u00e4sident der Polnischen Gemeinde in Ober\u00f6sterreich, zu verdanken, der k\u00fcrzlich f\u00fcr seine Arbeit zum Wohle nicht nur der polnischen, sondern auch der \u00f6sterreichischen Gemeinde mit der SILBERNEN MEDAILLE der Regierung von Ober\u00f6sterreich ausgezeichnet wurde.<br \/>\nAuch wir als Axel Musikband aus Wien haben unseren Teil dazu, denn wir spielen und singen von Anfang an f\u00fcr das polnische Publikum.<br \/>\nEs ist uns eine gro\u00dfe Ehre und Freude, bei euch zu sein, Geliebte, denn wie immer ist die Atmosph\u00e4re dank euch fantastisch!<br \/>\nWir werden vom Publikum und vom Veranstalter Julian Gaborek selbst immer herzlich und herzlich empfangen, der hier f\u00fcr alles sorgt, damit Sie sich wohlf\u00fchlen!<br \/>\nAber nicht nur wir kommen gerne wieder hierher!!<br \/>\nWir m\u00fcssen auch erw\u00e4hnen, dass verschiedene Wettbewerbe organisiert werden - der Miss St. Andrew&#039;s Ball, zu dem Weronika dieses Jahr wurde, das beste Karnevalskost\u00fcm oder ein Wettbewerb f\u00fcr das beste Tanzpaar an Silvester, und alle werden ausgezeichnet und attraktiv erhalten Preise!<br \/>\nAndrzejs haben auch jedes Jahr Urlaub, haben also freien Eintritt und ihr Namenstag wird mit 100 Jahre Jubil\u00e4umsgesang und lautem Applaus gekr\u00f6nt. W\u00e4hrend des Balls k\u00f6nnen wir auch Gem\u00e4lde polnischer Maler bewundern und kaufen, wie k\u00fcrzlich Honorata Chajec aus Polen und Ewa Kopsik aus Wien. W\u00e4hrend des Faschingsballs hat hier auch das Gro\u00dfe Orchester der Weihnachtshilfe seinen Platz \u2013 wie k\u00f6nnte es anders sein?<br \/>\nWir k\u00f6nnen noch viel schreiben und schreiben, aber am besten ist es, alles mit eigenen Augen zu sehen und dabei zu sein!<br \/>\nLiebling! Wir laden Sie ein, uns an Silvester sowie am 6. Februar 2016 zum Faschingsball zu besuchen! Wir garantieren viel Spa\u00df !!!!<br \/>\nKommen Sie, wir warten auf Sie !!!<br \/>\nMit freundlichen Gr\u00fc\u00dfen !!!<br \/>\nMusikgruppe &quot;Axel&quot;<br \/>\nWanda Kordowska und Jurek<\/p>\n<p>Fotos: Edyta Buc<\/p>\n<div id='gallery-1' class='gallery galleryid-22962 gallery-columns-2 gallery-size-full'><figure class='gallery-item'>\n\t\t\t<div class='gallery-icon landscape'>\n\t\t\t\t<img decoding=\"async\" width=\"800\" height=\"533\" src=\"https:\/\/poloniaoberoesterreich.com\/wp-content\/uploads\/2015\/11\/DSC_0459.jpg\" class=\"attachment-full size-full\" alt=\"\" srcset=\"https:\/\/poloniaoberoesterreich.com\/wp-content\/uploads\/2015\/11\/DSC_0459.jpg 800w, https:\/\/poloniaoberoesterreich.com\/wp-content\/uploads\/2015\/11\/DSC_0459-300x200.jpg 300w, https:\/\/poloniaoberoesterreich.com\/wp-content\/uploads\/2015\/11\/DSC_0459-768x512.jpg 768w\" sizes=\"(max-width: 800px) 100vw, 800px\" \/>\n\t\t\t<\/div><\/figure><figure class='gallery-item'>\n\t\t\t<div class='gallery-icon portrait'>\n\t\t\t\t<img decoding=\"async\" width=\"400\" height=\"600\" src=\"https:\/\/poloniaoberoesterreich.com\/wp-content\/uploads\/2015\/11\/DSC_0124-1.jpg\" class=\"attachment-full size-full\" alt=\"\" srcset=\"https:\/\/poloniaoberoesterreich.com\/wp-content\/uploads\/2015\/11\/DSC_0124-1.jpg 400w, https:\/\/poloniaoberoesterreich.com\/wp-content\/uploads\/2015\/11\/DSC_0124-1-200x300.jpg 200w\" sizes=\"(max-width: 400px) 100vw, 400px\" \/>\n\t\t\t<\/div><\/figure>\n\t\t<\/div>\n\n<p><strong>FOTOBEWERTUNG<\/strong><\/p>ngg_shortcode_0_platzhalter","protected":false},"excerpt":{"rendered":"<p>VIII. Andreasball der polnischen Diaspora in Ober\u00f6sterreich, 21. November 2015<\/p>","protected":false},"author":5,"featured_media":25728,"comment_status":"closed","ping_status":"closed","sticky":false,"template":"","format":"standard","meta":{"_seopress_robots_primary_cat":"none","_seopress_titles_title":"","_seopress_titles_desc":"","_seopress_robots_index":"","ngg_post_thumbnail":0,"footnotes":""},"categories":[39,37],"tags":[],"class_list":{"0":"post-22962","1":"post","2":"type-post","3":"status-publish","4":"format-standard","5":"has-post-thumbnail","7":"category-2015-wydarzenia","8":"category-wydarzenia"},"_links":{"self":[{"href":"https:\/\/poloniaoberoesterreich.com\/de\/wp-json\/wp\/v2\/posts\/22962","targetHints":{"allow":["GET"]}}],"collection":[{"href":"https:\/\/poloniaoberoesterreich.com\/de\/wp-json\/wp\/v2\/posts"}],"about":[{"href":"https:\/\/poloniaoberoesterreich.com\/de\/wp-json\/wp\/v2\/types\/post"}],"author":[{"embeddable":true,"href":"https:\/\/poloniaoberoesterreich.com\/de\/wp-json\/wp\/v2\/users\/5"}],"replies":[{"embeddable":true,"href":"https:\/\/poloniaoberoesterreich.com\/de\/wp-json\/wp\/v2\/comments?post=22962"}],"version-history":[{"count":0,"href":"https:\/\/poloniaoberoesterreich.com\/de\/wp-json\/wp\/v2\/posts\/22962\/revisions"}],"wp:featuredmedia":[{"embeddable":true,"href":"https:\/\/poloniaoberoesterreich.com\/de\/wp-json\/wp\/v2\/media\/25728"}],"wp:attachment":[{"href":"https:\/\/poloniaoberoesterreich.com\/de\/wp-json\/wp\/v2\/media?parent=22962"}],"wp:term":[{"taxonomy":"category","embeddable":true,"href":"https:\/\/poloniaoberoesterreich.com\/de\/wp-json\/wp\/v2\/categories?post=22962"},{"taxonomy":"post_tag","embeddable":true,"href":"https:\/\/poloniaoberoesterreich.com\/de\/wp-json\/wp\/v2\/tags?post=22962"}],"curies":[{"name":"wp","href":"https:\/\/api.w.org\/{rel}","templated":true}]}}