{"id":30318,"date":"2018-10-21T10:46:00","date_gmt":"2018-10-21T08:46:00","guid":{"rendered":"https:\/\/poloniaoberoesterreich.com\/?p=30318"},"modified":"2022-09-02T12:47:03","modified_gmt":"2022-09-02T10:47:03","slug":"v-vollversammlung-der-polnischen-gemeinde-in-oberosterreich","status":"publish","type":"post","link":"https:\/\/poloniaoberoesterreich.com\/de\/mitteilungen\/v-vollversammlung-der-polnischen-gemeinde-in-oberosterreich\/","title":{"rendered":"5. Generalversammlung der Gemeinschaft der Polen in Ober\u00f6sterreich"},"content":{"rendered":"<table border=\"0\" width=\"680\" cellspacing=\"0\" cellpadding=\"0\" align=\"center\">\n<tbody>\n<tr>\n<td align=\"left\" valign=\"middle\" width=\"180\"><a href=\"https:\/\/poloniaoberoesterreich.com\/wp-content\/uploads\/2022\/08\/DSC_0006.jpg\"><img fetchpriority=\"high\" decoding=\"async\" class=\"aligncenter size-full wp-image-30319\" src=\"https:\/\/poloniaoberoesterreich.com\/wp-content\/uploads\/2022\/08\/DSC_0006.jpg\" alt=\"\" width=\"1024\" height=\"683\" srcset=\"https:\/\/poloniaoberoesterreich.com\/wp-content\/uploads\/2022\/08\/DSC_0006.jpg 1024w, https:\/\/poloniaoberoesterreich.com\/wp-content\/uploads\/2022\/08\/DSC_0006-300x200.jpg 300w, https:\/\/poloniaoberoesterreich.com\/wp-content\/uploads\/2022\/08\/DSC_0006-768x512.jpg 768w, https:\/\/poloniaoberoesterreich.com\/wp-content\/uploads\/2022\/08\/DSC_0006-18x12.jpg 18w\" sizes=\"(max-width: 1024px) 100vw, 1024px\" \/><\/a><\/td>\n<td style=\"text-align: center;\" valign=\"middle\">\n<p align=\"center\"><strong>5. Generalversammlung der Gemeinschaft der Polen in Ober\u00f6sterreich<\/strong><\/p>\n<p align=\"center\"><strong>21. Oktober 2018<\/strong><\/p>\n<\/td>\n<\/tr>\n<\/tbody>\n<\/table>\n<p><!--more--><\/p>\n<p>Am 21. Oktober 2018 fand die 5. Mitgliederversammlung der Polnischen Gemeinde in Ober\u00f6sterreich im Poloniahaus in Linz statt. W\u00e4hrend des Treffens wurden die letzten zwei Jahre der T\u00e4tigkeit der Gemeinschaft zusammengefasst und neue Gremien f\u00fcr die n\u00e4chste zweij\u00e4hrige Amtszeit ausgew\u00e4hlt. Vorstand der WPwGA Julian Gaborek - Pr\u00e4sident Mag. Dr. Katarzyna Topolska - Sekret\u00e4rin Anna Chas - stellvertretender Sekret\u00e4r Grzegorz Polanowski - Schatzmeister Janusz Nobis - stellvertretender Schatzmeister Dipl.-Ing. Ing. \u0141ukasz Bilski - Mitglied des Pr\u00fcfungsausschusses Katarzyna Chamernik - Vorsitzende Wioleta Zychowska - Mitglied Kole\u017ce\u0144ski Court Izabela Lebinger - Vorsitzende Wojciech Jab\u0142o\u0144ski - Mitglied Tobiasz Mylak - Mitglied.<\/p>\n<p>&nbsp;<\/p>\n<p><a href=\"https:\/\/poloniaoberoesterreich.com\/wp-content\/uploads\/2022\/08\/DSC_0006.jpg\"><img fetchpriority=\"high\" decoding=\"async\" class=\"aligncenter size-full wp-image-30319\" src=\"https:\/\/poloniaoberoesterreich.com\/wp-content\/uploads\/2022\/08\/DSC_0006.jpg\" alt=\"\" width=\"1024\" height=\"683\" srcset=\"https:\/\/poloniaoberoesterreich.com\/wp-content\/uploads\/2022\/08\/DSC_0006.jpg 1024w, https:\/\/poloniaoberoesterreich.com\/wp-content\/uploads\/2022\/08\/DSC_0006-300x200.jpg 300w, https:\/\/poloniaoberoesterreich.com\/wp-content\/uploads\/2022\/08\/DSC_0006-768x512.jpg 768w, https:\/\/poloniaoberoesterreich.com\/wp-content\/uploads\/2022\/08\/DSC_0006-18x12.jpg 18w\" sizes=\"(max-width: 1024px) 100vw, 1024px\" \/><\/a><\/p>","protected":false},"excerpt":{"rendered":"<p>5. Mitgliederversammlung der Gemeinschaft der Polen in Ober\u00f6sterreich, 21. Oktober 2018<\/p>","protected":false},"author":5,"featured_media":30319,"comment_status":"open","ping_status":"open","sticky":false,"template":"","format":"standard","meta":{"_seopress_robots_primary_cat":"none","_seopress_titles_title":"","_seopress_titles_desc":"","_seopress_robots_index":"","ngg_post_thumbnail":0,"footnotes":""},"categories":[47],"tags":[],"class_list":{"0":"post-30318","1":"post","2":"type-post","3":"status-publish","4":"format-standard","5":"has-post-thumbnail","7":"category-wiadomosci"},"_links":{"self":[{"href":"https:\/\/poloniaoberoesterreich.com\/de\/wp-json\/wp\/v2\/posts\/30318","targetHints":{"allow":["GET"]}}],"collection":[{"href":"https:\/\/poloniaoberoesterreich.com\/de\/wp-json\/wp\/v2\/posts"}],"about":[{"href":"https:\/\/poloniaoberoesterreich.com\/de\/wp-json\/wp\/v2\/types\/post"}],"author":[{"embeddable":true,"href":"https:\/\/poloniaoberoesterreich.com\/de\/wp-json\/wp\/v2\/users\/5"}],"replies":[{"embeddable":true,"href":"https:\/\/poloniaoberoesterreich.com\/de\/wp-json\/wp\/v2\/comments?post=30318"}],"version-history":[{"count":0,"href":"https:\/\/poloniaoberoesterreich.com\/de\/wp-json\/wp\/v2\/posts\/30318\/revisions"}],"wp:featuredmedia":[{"embeddable":true,"href":"https:\/\/poloniaoberoesterreich.com\/de\/wp-json\/wp\/v2\/media\/30319"}],"wp:attachment":[{"href":"https:\/\/poloniaoberoesterreich.com\/de\/wp-json\/wp\/v2\/media?parent=30318"}],"wp:term":[{"taxonomy":"category","embeddable":true,"href":"https:\/\/poloniaoberoesterreich.com\/de\/wp-json\/wp\/v2\/categories?post=30318"},{"taxonomy":"post_tag","embeddable":true,"href":"https:\/\/poloniaoberoesterreich.com\/de\/wp-json\/wp\/v2\/tags?post=30318"}],"curies":[{"name":"wp","href":"https:\/\/api.w.org\/{rel}","templated":true}]}}