{"id":30332,"date":"2022-08-02T10:59:00","date_gmt":"2022-08-02T08:59:00","guid":{"rendered":"https:\/\/poloniaoberoesterreich.com\/?p=30332"},"modified":"2022-09-06T15:46:06","modified_gmt":"2022-09-06T13:46:06","slug":"treffen-mit-vizeburgermeisterin-stadt-linz-tina-blochl","status":"publish","type":"post","link":"https:\/\/poloniaoberoesterreich.com\/de\/mitteilungen\/treffen-mit-vizeburgermeisterin-stadt-linz-tina-blochl\/","title":{"rendered":"Treffen mit der Vizeb\u00fcrgermeisterin von Linz, Tina Bl\u00f6chl"},"content":{"rendered":"<table width=\"680\" cellspacing=\"0\" cellpadding=\"0\" border=\"0\" align=\"center\">\n<tbody>\n<tr>\n<td width=\"180\" valign=\"middle\" align=\"left\"><a href=\"https:\/\/poloniaoberoesterreich.com\/wp-content\/uploads\/2022\/08\/1-1.jpg\"><img fetchpriority=\"high\" decoding=\"async\" class=\"aligncenter size-full wp-image-30333\" src=\"https:\/\/poloniaoberoesterreich.com\/wp-content\/uploads\/2022\/08\/1-1.jpg\" alt=\"\" width=\"1860\" height=\"1273\" srcset=\"https:\/\/poloniaoberoesterreich.com\/wp-content\/uploads\/2022\/08\/1-1.jpg 1860w, https:\/\/poloniaoberoesterreich.com\/wp-content\/uploads\/2022\/08\/1-1-300x205.jpg 300w, https:\/\/poloniaoberoesterreich.com\/wp-content\/uploads\/2022\/08\/1-1-1024x701.jpg 1024w, https:\/\/poloniaoberoesterreich.com\/wp-content\/uploads\/2022\/08\/1-1-768x526.jpg 768w, https:\/\/poloniaoberoesterreich.com\/wp-content\/uploads\/2022\/08\/1-1-1536x1051.jpg 1536w, https:\/\/poloniaoberoesterreich.com\/wp-content\/uploads\/2022\/08\/1-1-18x12.jpg 18w\" sizes=\"(max-width: 1860px) 100vw, 1860px\" \/><\/a><\/td>\n<td style=\"text-align: center;\" valign=\"middle\"><strong>Treffen mit dem Vizeb\u00fcrgermeister<\/strong>&nbsp;&nbsp;&nbsp;<\/p>\n<p>der Stadt Linz Tina Bl\u00f6chl<\/p>\n<p>30. Mai 2022<\/td>\n<\/tr>\n<\/tbody>\n<\/table>\n<p><!--more--><\/p>\n<p>Am 30. Mai 2022 hatten wir das Vergn\u00fcgen, die f\u00fcr Integration zust\u00e4ndige Linzer Vizeb\u00fcrgermeisterin Tina Bl\u00f6chl zu treffen. Thema unseres Gespr\u00e4chs war die bisherige T\u00e4tigkeit der Gemeinschaft der Polen in Ober\u00f6sterreich und ihre Pl\u00e4ne f\u00fcr die Zukunft.<\/p>\n<p>In der Chronik der Ereignisse stellten wir unsere Errungenschaften der vergangenen Jahre vor, wobei wir der \u201eRallye und den Spielen der polnischen Diaspora in Ober\u00f6sterreich\u201c als wichtigstem Ereignis des Jahres besondere Aufmerksamkeit widmeten. Wir haben die Gelegenheit genutzt, Tina Bl\u00f6chl zu unseren polnischen Community-Events einzuladen.<\/p>\n<p>An dem Treffen nahmen Sonia Palka-Al Habaj und Julian Gaborek teil.<\/p>\n<p><a href=\"https:\/\/poloniaoberoesterreich.com\/wp-content\/uploads\/2022\/08\/3-5.jpg\"><img decoding=\"async\" class=\"aligncenter size-full wp-image-30334\" src=\"https:\/\/poloniaoberoesterreich.com\/wp-content\/uploads\/2022\/08\/3-5.jpg\" alt=\"\" width=\"2000\" height=\"1500\" srcset=\"https:\/\/poloniaoberoesterreich.com\/wp-content\/uploads\/2022\/08\/3-5.jpg 2000w, https:\/\/poloniaoberoesterreich.com\/wp-content\/uploads\/2022\/08\/3-5-300x225.jpg 300w, https:\/\/poloniaoberoesterreich.com\/wp-content\/uploads\/2022\/08\/3-5-1024x768.jpg 1024w, https:\/\/poloniaoberoesterreich.com\/wp-content\/uploads\/2022\/08\/3-5-768x576.jpg 768w, https:\/\/poloniaoberoesterreich.com\/wp-content\/uploads\/2022\/08\/3-5-1536x1152.jpg 1536w, https:\/\/poloniaoberoesterreich.com\/wp-content\/uploads\/2022\/08\/3-5-16x12.jpg 16w\" sizes=\"(max-width: 2000px) 100vw, 2000px\" \/><\/a><\/p>\n<p><!--more--><\/p>","protected":false},"excerpt":{"rendered":"<p>Treffen mit der Linzer Vizeb\u00fcrgermeisterin Tina Bl\u00f6chl am 30. Mai 2022<\/p>","protected":false},"author":5,"featured_media":30333,"comment_status":"open","ping_status":"open","sticky":false,"template":"","format":"standard","meta":{"_seopress_robots_primary_cat":"none","_seopress_titles_title":"","_seopress_titles_desc":"","_seopress_robots_index":"","ngg_post_thumbnail":0,"footnotes":""},"categories":[47],"tags":[],"class_list":{"0":"post-30332","1":"post","2":"type-post","3":"status-publish","4":"format-standard","5":"has-post-thumbnail","7":"category-wiadomosci"},"_links":{"self":[{"href":"https:\/\/poloniaoberoesterreich.com\/de\/wp-json\/wp\/v2\/posts\/30332","targetHints":{"allow":["GET"]}}],"collection":[{"href":"https:\/\/poloniaoberoesterreich.com\/de\/wp-json\/wp\/v2\/posts"}],"about":[{"href":"https:\/\/poloniaoberoesterreich.com\/de\/wp-json\/wp\/v2\/types\/post"}],"author":[{"embeddable":true,"href":"https:\/\/poloniaoberoesterreich.com\/de\/wp-json\/wp\/v2\/users\/5"}],"replies":[{"embeddable":true,"href":"https:\/\/poloniaoberoesterreich.com\/de\/wp-json\/wp\/v2\/comments?post=30332"}],"version-history":[{"count":0,"href":"https:\/\/poloniaoberoesterreich.com\/de\/wp-json\/wp\/v2\/posts\/30332\/revisions"}],"wp:featuredmedia":[{"embeddable":true,"href":"https:\/\/poloniaoberoesterreich.com\/de\/wp-json\/wp\/v2\/media\/30333"}],"wp:attachment":[{"href":"https:\/\/poloniaoberoesterreich.com\/de\/wp-json\/wp\/v2\/media?parent=30332"}],"wp:term":[{"taxonomy":"category","embeddable":true,"href":"https:\/\/poloniaoberoesterreich.com\/de\/wp-json\/wp\/v2\/categories?post=30332"},{"taxonomy":"post_tag","embeddable":true,"href":"https:\/\/poloniaoberoesterreich.com\/de\/wp-json\/wp\/v2\/tags?post=30332"}],"curies":[{"name":"wp","href":"https:\/\/api.w.org\/{rel}","templated":true}]}}